{"id":34023,"date":"2025-07-14T10:27:54","date_gmt":"2025-07-14T15:27:54","guid":{"rendered":"https:\/\/aclco.co\/?p=34023"},"modified":"2025-07-14T10:39:26","modified_gmt":"2025-07-14T15:39:26","slug":"imputaran-penalmente-a-11-mil-contribuyentes-por-evasion","status":"publish","type":"post","link":"https:\/\/aclco.co\/en\/imputaran-penalmente-a-11-mil-contribuyentes-por-evasion\/","title":{"rendered":"Imputar\u00e1n penalmente a 11 mil contribuyentes por evasi\u00f3n del pago de retenciones e IVA"},"content":{"rendered":"<div data-elementor-type=\"wp-post\" data-elementor-id=\"34023\" class=\"elementor elementor-34023\" data-elementor-post-type=\"post\">\n\t\t\t\t<div class=\"elementor-element elementor-element-4fb1ef3 e-flex e-con-boxed e-con e-parent\" data-id=\"4fb1ef3\" data-element_type=\"container\" data-e-type=\"container\">\n\t\t\t\t\t<div class=\"e-con-inner\">\n\t\t\t\t<div class=\"elementor-element elementor-element-e2d721e elementor-widget elementor-widget-text-editor\" data-id=\"e2d721e\" data-element_type=\"widget\" data-e-type=\"widget\" data-widget_type=\"text-editor.default\">\n\t\t\t\t\t\t\t\t\t<div class=\"article-top container_col\"><div id=\"p619554-m392-4-393\" class=\"highlighted\"><div class=\"article-top container_col\"><div class=\"article-top container_col\"><div class=\"article-top container_col\"><div class=\"article-top container_col\"><div class=\"article-top container_col\"><div class=\"article-top container_col\"><div class=\"article-top container_col\"><div class=\"article-top container_col\"><div class=\"article-top container_col\"><div class=\"article-top container_col\"><div class=\"article-top container_col\"><header><div class=\"article-top container_col\"><div class=\"article-top container_col\"><div class=\"article-top container_col\"><div class=\"article-top container_col\"><div class=\"article-top container_col\"><div class=\"article-top container_col\"><div class=\"paragraph\"><div class=\"article-top container_col\"><div class=\"article-top container_col\"><div class=\"article-top container_col\"><div class=\"article-top container_col\"><div class=\"article-top container_col\"><div class=\"article-top container_col\"><div class=\"article-top container_col\"><section class=\"block-mas-noticias\"><div class=\"mas-noticias-header\"><div class=\"article-top container_col\"><div class=\"article-top container_col\"><div id=\"articulocontenido\" class=\"article-content\"><div class=\"article-top container_col\"><div class=\"article-top container_col\"><div class=\"article-top container_col\"><div class=\"article-top container_col\"><h5 id=\"p635286-m554-1-555\" class=\"epigraph regular_lead1\"><strong>La Dian intensificar\u00e1 sus jornadas de cobro, que incluir\u00e1n embargos masivos y visitas, en una ofensiva sin precedentes contra la evasi\u00f3n fiscal.<\/strong><\/h5><p>La <a href=\"https:\/\/aclco.co\/en\/dian-actualiza-doctrina-sobre-deducibilidad-de-tributos\/\">Direcci\u00f3n de Impuestos y Aduanas Nacionales (Dian)<\/a> anunci\u00f3 que\u00a011.477 contribuyentes ser\u00e1n imputados\u00a0por, al parecer, haber incurrido en el delito de omisi\u00f3n del agente retenedor o recaudador, al no consignar al Estado los dineros que habr\u00edan recaudado por concepto de Retenci\u00f3n en la Fuente, Impuesto sobre las Ventas (IVA) o Impuesto Nacional al Consumo (INC), como lo establece el art\u00edculo 402 del C\u00f3digo Penal, recursos que alcanzan los $697.000 millones.<\/p><p id=\"p635286-m578-3-579\" class=\"parrafo\">Pese a que estos casos ya cursaban procesos de cobro coactivo,\u00a0estas personas omitieron la citaci\u00f3n hecha en desarrollo de la Jornada Nacional de Cobro adelantada por la Dian en junio pasado, en conjunto con la Fiscal\u00eda General de la Naci\u00f3n.<\/p><p id=\"p635286-m584-4-585\" class=\"parrafo\">Esta jornada representaba la \u00faltima oportunidad para extinguir la acci\u00f3n penal mediante el pago total de la deuda y los intereses respectivos.<\/p><p id=\"p635286-m596-6-597\" class=\"parrafo\">\u201cEs lamentable que m\u00e1s de once mil personas hayan dejado pasar esta posibilidad, el proceso penal continuar\u00e1 sin suspensi\u00f3n y sin posibilidad de beneficios judiciales adicionales. Ante esta situaci\u00f3n, la Dian debe actuar con firmeza para defender el principio de justicia fiscal\u201d,\u00a0afirm\u00f3 Luis Eduardo Llin\u00e1s Chica, director general (e) de la Dian.<\/p><p id=\"p635286-m602-7-603\" class=\"parrafo\">La administraci\u00f3n tributaria record\u00f3 a los contribuyentes que act\u00faan como agente retenedor o recaudador que la norma contempla penas de prisi\u00f3n entre 48 y 108 meses, y multas equivalentes al doble de lo no consignado, sin que superen los $50.794 millones (1.020.000 UVT para 2025).<\/p><p id=\"p635286-m608-8-609\" class=\"parrafo\">Tambi\u00e9n aplica para No. 067 Informaci\u00f3n P\u00fablica quienes omitan la obligaci\u00f3n de recaudar impuestos o para las personas naturales encargadas de estas funciones en sociedades u otras entidades.<\/p><p id=\"p635286-m614-9-615\" class=\"parrafo\">\u201cLos agentes retenedores deben tener claro que los impuestos recaudados no son de libre disposici\u00f3n, apropiarse de ellos o no trasladarlos al Estado constituye una conducta penalmente sancionable; por ello nuestro mensaje es claro: quienes incumplen sus obligaciones, enfrentan consecuencias\u201d, dijo Llin\u00e1s.<\/p><div id=\"p635286-m646-11-647\" class=\"highlighted\"><h5 id=\"m651-650-652\" class=\"tiemposBold3\"><strong>Jornadas de cobro a morosos<\/strong><\/h5><\/div><p id=\"p635286-m658-12-659\" class=\"parrafo\">Por otra parte,\u00a0la Dian precis\u00f3 que a partir de ahora sus acciones contra el incumplimiento de las obligaciones tributarias contar\u00e1n con m\u00e1s tecnolog\u00eda, un mayor despliegue operativo y toda la firmeza legal, pues las jornadas de cobro dejar\u00e1n de concentrarse en una sola semana cada mes y se desarrollar\u00e1n de forma intensiva y permanente.<\/p><p id=\"p635286-m670-14-671\" class=\"parrafo\">Entre las acciones previstas para julio se destacan: 11.000 visitas a contribuyentes con una cartera objetivo-cercana a los $1,3 billones; 6.140 medidas cautelares, incluyendo embargos de bienes, cuentas, facturas y acciones por un valor estimado de $1,2 billones; 1.830 resoluciones de embargo de cr\u00e9ditos, con base en el Sistema de Facturaci\u00f3n Electr\u00f3nica, para recuperar cerca de $400.000 millones; y el env\u00edo de insumos a la Unidad Penal para denunciar obligaciones por un total de $185.000 millones ante la Fiscal\u00eda General de la Naci\u00f3n.<\/p><div id=\"p635286-m676-15-677\" class=\"highlighted\"><h5 id=\"m681-680-682\" class=\"tiemposBold3\"><strong>Balance de la jornada anterior<\/strong><\/h5><\/div><p id=\"p635286-m688-16-689\" class=\"parrafo\">Durante junio, 3.690 contribuyentes atendieron el llamado de la Dian, permitiendo que la entidad gestionara la recuperaci\u00f3n de una cartera por m\u00e1s de $730.646 millones.<\/p><p id=\"p635286-m694-17-695\" class=\"parrafo\">Las seccionales con mayor n\u00famero de contribuyentes citados fueron Medell\u00edn (2.686), Cali (2.204), Barranquilla (1.627) y Bogot\u00e1 (1.000). Las que registraron mejores niveles de respuesta fueron Quibd\u00f3 (69,81 %), Leticia (66,67 %), Santa Marta (30,75 %) y Barrancabermeja (30,25 %).<\/p><\/div><\/div><\/div><\/div><\/div><\/div><\/div><\/div><\/section><\/div><\/div><\/div><p><strong>Fuente: <a href=\"https:\/\/www.portafolio.co\/\" target=\"_blank\" rel=\"noopener\">Portafolio<\/a><\/strong><b><\/b><\/p><\/div><\/div><\/div><\/div><\/div><\/div><\/div><\/div><\/div><\/div><\/div><\/header><\/div><\/div><\/div><\/div><\/div><\/div><\/div><\/div><\/div><\/div><\/div><\/div><\/div>\t\t\t\t\t\t\t\t<\/div>\n\t\t\t\t\t<\/div>\n\t\t\t\t<\/div>\n\t\t\t\t<\/div>","protected":false},"excerpt":{"rendered":"<p>La Dian intensificar\u00e1 sus jornadas de cobro, que incluir\u00e1n embargos masivos y visitas, en una ofensiva sin precedentes contra la evasi\u00f3n fiscal. La Direcci\u00f3n de Impuestos y Aduanas Nacionales (Dian) anunci\u00f3 que\u00a011.477 contribuyentes ser\u00e1n imputados\u00a0por, al parecer, haber incurrido en el delito de omisi\u00f3n del agente retenedor o recaudador, al no consignar al Estado los [&hellip;]<\/p>","protected":false},"author":5,"featured_media":34024,"comment_status":"open","ping_status":"open","sticky":false,"template":"","format":"standard","meta":{"_joinchat":[],"footnotes":""},"categories":[27,36,29],"tags":[],"class_list":["post-34023","post","type-post","status-publish","format-standard","has-post-thumbnail","hentry","category-noticias-acl","category-contabilidad","category-tributario"],"_links":{"self":[{"href":"https:\/\/aclco.co\/en\/wp-json\/wp\/v2\/posts\/34023","targetHints":{"allow":["GET"]}}],"collection":[{"href":"https:\/\/aclco.co\/en\/wp-json\/wp\/v2\/posts"}],"about":[{"href":"https:\/\/aclco.co\/en\/wp-json\/wp\/v2\/types\/post"}],"author":[{"embeddable":true,"href":"https:\/\/aclco.co\/en\/wp-json\/wp\/v2\/users\/5"}],"replies":[{"embeddable":true,"href":"https:\/\/aclco.co\/en\/wp-json\/wp\/v2\/comments?post=34023"}],"version-history":[{"count":4,"href":"https:\/\/aclco.co\/en\/wp-json\/wp\/v2\/posts\/34023\/revisions"}],"predecessor-version":[{"id":34029,"href":"https:\/\/aclco.co\/en\/wp-json\/wp\/v2\/posts\/34023\/revisions\/34029"}],"wp:featuredmedia":[{"embeddable":true,"href":"https:\/\/aclco.co\/en\/wp-json\/wp\/v2\/media\/34024"}],"wp:attachment":[{"href":"https:\/\/aclco.co\/en\/wp-json\/wp\/v2\/media?parent=34023"}],"wp:term":[{"taxonomy":"category","embeddable":true,"href":"https:\/\/aclco.co\/en\/wp-json\/wp\/v2\/categories?post=34023"},{"taxonomy":"post_tag","embeddable":true,"href":"https:\/\/aclco.co\/en\/wp-json\/wp\/v2\/tags?post=34023"}],"curies":[{"name":"wp","href":"https:\/\/api.w.org\/{rel}","templated":true}]}}