{"id":34068,"date":"2025-07-18T14:58:14","date_gmt":"2025-07-18T19:58:14","guid":{"rendered":"https:\/\/aclco.co\/?p=34068"},"modified":"2025-07-21T09:25:09","modified_gmt":"2025-07-21T14:25:09","slug":"instructivo-oficial-de-la-dian-para-la-declaracion-de","status":"publish","type":"post","link":"https:\/\/aclco.co\/en\/instructivo-oficial-de-la-dian-para-la-declaracion-de\/","title":{"rendered":"Instructivo oficial de la DIAN para la declaraci\u00f3n de renta l\u00edquida"},"content":{"rendered":"<div data-elementor-type=\"wp-post\" data-elementor-id=\"34068\" class=\"elementor elementor-34068\" data-elementor-post-type=\"post\">\n\t\t\t\t<div class=\"elementor-element elementor-element-4fb1ef3 e-flex e-con-boxed e-con e-parent\" data-id=\"4fb1ef3\" data-element_type=\"container\" data-e-type=\"container\">\n\t\t\t\t\t<div class=\"e-con-inner\">\n\t\t\t\t<div class=\"elementor-element elementor-element-e2d721e elementor-widget elementor-widget-text-editor\" data-id=\"e2d721e\" data-element_type=\"widget\" data-e-type=\"widget\" data-widget_type=\"text-editor.default\">\n\t\t\t\t\t\t\t\t\t<div class=\"article-top container_col\"><div id=\"p619554-m392-4-393\" class=\"highlighted\"><div class=\"article-top container_col\"><div class=\"article-top container_col\"><div class=\"article-top container_col\"><div class=\"article-top container_col\"><div class=\"article-top container_col\"><div class=\"article-top container_col\"><div class=\"article-top container_col\"><div class=\"article-top container_col\"><div class=\"article-top container_col\"><div class=\"article-top container_col\"><div class=\"article-top container_col\"><header><div class=\"article-top container_col\"><div class=\"article-top container_col\"><div class=\"article-top container_col\"><div class=\"article-top container_col\"><div class=\"article-top container_col\"><div class=\"article-top container_col\"><div class=\"paragraph\"><div class=\"article-top container_col\"><div class=\"article-top container_col\"><div class=\"article-top container_col\"><div class=\"article-top container_col\"><div class=\"article-top container_col\"><div class=\"article-top container_col\"><div class=\"article-top container_col\"><section class=\"block-mas-noticias\"><div class=\"mas-noticias-header\"><div class=\"article-top container_col\"><div class=\"article-top container_col\"><div id=\"articulocontenido\" class=\"article-content\"><div class=\"article-top container_col\"><div class=\"article-top container_col\"><div class=\"article-top container_col\"><div class=\"article-top container_col\"><h5 id=\"p635671-m353-1-354\" class=\"epigraph regular_lead1\"><strong>El organismo dio claridad sobre un concepto que puede provocar muchas consultas en los contribuyentes. \u00bfA qu\u00e9 se refiere este t\u00e9rmino?<\/strong><\/h5><p>La <a href=\"https:\/\/aclco.co\/en\/dian-actualiza-doctrina-sobre-deducibilidad-de-tributos\/\">Direcci\u00f3n de Impuestos y Aduanas Nacionales (Dian)<\/a>\u00a0se refiri\u00f3 a un concepto que suele generar confusiones en los residentes de suelo colombiano.\u00a0En este sentido, dio aclaraciones del proceso que\u00a0un contribuyente debe realizar para declarar la renta l\u00edquida,\u00a0un aspecto fundamental para el momento del pago de sus respectivas obligaciones.\u00a0\u00bfEn qu\u00e9 consiste?.<\/p><p>Debe saber que no solamente tiene que ver con una cifra, sino que es un monto que se calcula sobre los impuestos que debe abonar considerando los ingresos que perciba.<\/p><p>Por medio de una publicaci\u00f3n disponible en su cuenta oficial de X (anteriormente conocida como Twitter) la entidad subi\u00f3 un video en el que pretende aclarar dudas para aquellas personas que realizan este procedimiento por primera vez.<\/p><p>Jos\u00e9 Fernando Sierra Faria, experto de la Subdirecci\u00f3n de Recaudo de la Dian remarc\u00f3 que los valores relacionados con la renta l\u00edquida gravable de la c\u00e9dula general, la renta l\u00edquida gravable de la c\u00e9dula de la pensi\u00f3n y las sub c\u00e9dulas 1 y 2 de la c\u00e9dula de dividendos y participaciones se encuentran en el formulario 210.<\/p><p>Dichas cifras se sumar\u00e1n y se van a restar con el impuesto que corresponde a los dividendos y participaciones de la sub c\u00e9dula 2.\u00a0El resultado de esta operaci\u00f3n se conoce como la renta l\u00edquida gravable del impuesto para la renta en personas naturales.<\/p><p>\u201cEste valor que lo pueden consultar dentro de su formulario 210 en la casilla 111 ser\u00e1 el que se lleve a las tarifas establecidas dentro del art\u00edculo 241 y le permitir\u00e1 a usted determinar el monto de su impuesto a cargo\u201d, mencion\u00f3 el funcionario.<\/p><p>Sierra record\u00f3 que el hecho de declarar no es lo mismo que pagar, ya que este monto de su impuesto puede oscilar entre valores cercanos al 19% y un 39%, considerando los ingresos y por supuesto las respectivas deducciones aplicables.<\/p><h5 id=\"m376-375-377\" class=\"tiemposBold3\"><strong>\u00bfCu\u00e1l es la fecha para cumplir con dichas obligaciones?<\/strong><\/h5><p>La entidad anteriormente mencionada sostuvo que la declaraci\u00f3n de renta en personas naturales\u00a0comenzar\u00e1 el pr\u00f3ximo 12 de agosto y finalizar\u00e1 el 24 de octubre del presente a\u00f1o. Esto depender\u00e1 del \u00faltimo d\u00edgito del n\u00famero de identificaci\u00f3n tributaria (NIT)<\/p><p>El cumplimiento de esta medida permitir\u00e1 que los contribuyentes no tengan sanciones de tipo econ\u00f3mico y garantizar\u00e1 el correcto funcionamiento del sistema fiscal colombiano considerando los programas sociales que actualmente realiza el Gobierno Nacional conducido por Gustavo Petro y el monto destinado a los servicios p\u00fablicos esenciales e infraestructura.<\/p><p>Para cumplir con este procedimiento, el organismo tiene a disposici\u00f3n varias herramientas para realizar el pago de sus obligaciones de una manera oportuna y en sencillos pasos.<\/p><\/div><\/div><\/div><\/div><\/div><\/div><\/div><\/div><\/section><\/div><\/div><\/div><p><strong>Fuente: <a href=\"https:\/\/www.portafolio.co\/\" target=\"_blank\" rel=\"noopener\">Portafolio<\/a><\/strong><b><\/b><\/p><\/div><\/div><\/div><\/div><\/div><\/div><\/div><\/div><\/div><\/div><\/div><\/header><\/div><\/div><\/div><\/div><\/div><\/div><\/div><\/div><\/div><\/div><\/div><\/div><\/div>\t\t\t\t\t\t\t\t<\/div>\n\t\t\t\t\t<\/div>\n\t\t\t\t<\/div>\n\t\t\t\t<\/div>","protected":false},"excerpt":{"rendered":"<p>El organismo dio claridad sobre un concepto que puede provocar muchas consultas en los contribuyentes. \u00bfA qu\u00e9 se refiere este t\u00e9rmino? La Direcci\u00f3n de Impuestos y Aduanas Nacionales (Dian)\u00a0se refiri\u00f3 a un concepto que suele generar confusiones en los residentes de suelo colombiano.\u00a0En este sentido, dio aclaraciones del proceso que\u00a0un contribuyente debe realizar para declarar [&hellip;]<\/p>","protected":false},"author":5,"featured_media":34069,"comment_status":"open","ping_status":"open","sticky":false,"template":"","format":"standard","meta":{"_joinchat":[],"footnotes":""},"categories":[27,36,29],"tags":[],"class_list":["post-34068","post","type-post","status-publish","format-standard","has-post-thumbnail","hentry","category-noticias-acl","category-contabilidad","category-tributario"],"_links":{"self":[{"href":"https:\/\/aclco.co\/en\/wp-json\/wp\/v2\/posts\/34068","targetHints":{"allow":["GET"]}}],"collection":[{"href":"https:\/\/aclco.co\/en\/wp-json\/wp\/v2\/posts"}],"about":[{"href":"https:\/\/aclco.co\/en\/wp-json\/wp\/v2\/types\/post"}],"author":[{"embeddable":true,"href":"https:\/\/aclco.co\/en\/wp-json\/wp\/v2\/users\/5"}],"replies":[{"embeddable":true,"href":"https:\/\/aclco.co\/en\/wp-json\/wp\/v2\/comments?post=34068"}],"version-history":[{"count":4,"href":"https:\/\/aclco.co\/en\/wp-json\/wp\/v2\/posts\/34068\/revisions"}],"predecessor-version":[{"id":34074,"href":"https:\/\/aclco.co\/en\/wp-json\/wp\/v2\/posts\/34068\/revisions\/34074"}],"wp:featuredmedia":[{"embeddable":true,"href":"https:\/\/aclco.co\/en\/wp-json\/wp\/v2\/media\/34069"}],"wp:attachment":[{"href":"https:\/\/aclco.co\/en\/wp-json\/wp\/v2\/media?parent=34068"}],"wp:term":[{"taxonomy":"category","embeddable":true,"href":"https:\/\/aclco.co\/en\/wp-json\/wp\/v2\/categories?post=34068"},{"taxonomy":"post_tag","embeddable":true,"href":"https:\/\/aclco.co\/en\/wp-json\/wp\/v2\/tags?post=34068"}],"curies":[{"name":"wp","href":"https:\/\/api.w.org\/{rel}","templated":true}]}}