{"id":34075,"date":"2025-07-21T11:11:35","date_gmt":"2025-07-21T16:11:35","guid":{"rendered":"https:\/\/aclco.co\/?p=34075"},"modified":"2025-07-21T11:47:47","modified_gmt":"2025-07-21T16:47:47","slug":"impuestos-saludables-efectivos-pero-con-avances-moderados","status":"publish","type":"post","link":"https:\/\/aclco.co\/en\/impuestos-saludables-efectivos-pero-con-avances-moderados\/","title":{"rendered":"Impuestos saludables: efectivos, pero con avances moderados"},"content":{"rendered":"<div data-elementor-type=\"wp-post\" data-elementor-id=\"34075\" class=\"elementor elementor-34075\" data-elementor-post-type=\"post\">\n\t\t\t\t<div class=\"elementor-element elementor-element-4fb1ef3 e-flex e-con-boxed e-con e-parent\" data-id=\"4fb1ef3\" data-element_type=\"container\" data-e-type=\"container\">\n\t\t\t\t\t<div class=\"e-con-inner\">\n\t\t\t\t<div class=\"elementor-element elementor-element-e2d721e elementor-widget elementor-widget-text-editor\" data-id=\"e2d721e\" data-element_type=\"widget\" data-e-type=\"widget\" data-widget_type=\"text-editor.default\">\n\t\t\t\t\t\t\t\t\t<div class=\"article-top container_col\"><div id=\"p619554-m392-4-393\" class=\"highlighted\"><div class=\"article-top container_col\"><div class=\"article-top container_col\"><div class=\"article-top container_col\"><div class=\"article-top container_col\"><div class=\"article-top container_col\"><div class=\"article-top container_col\"><div class=\"article-top container_col\"><div class=\"article-top container_col\"><div class=\"article-top container_col\"><div class=\"article-top container_col\"><div class=\"article-top container_col\"><header><div class=\"article-top container_col\"><div class=\"article-top container_col\"><div class=\"article-top container_col\"><div class=\"article-top container_col\"><div class=\"article-top container_col\"><div class=\"article-top container_col\"><div class=\"paragraph\"><div class=\"article-top container_col\"><div class=\"article-top container_col\"><div class=\"article-top container_col\"><div class=\"article-top container_col\"><div class=\"article-top container_col\"><div class=\"article-top container_col\"><div class=\"article-top container_col\"><section class=\"block-mas-noticias\"><div class=\"mas-noticias-header\"><div class=\"article-top container_col\"><div class=\"article-top container_col\"><div id=\"articulocontenido\" class=\"article-content\"><div class=\"article-top container_col\"><div class=\"article-top container_col\"><div class=\"article-top container_col\"><div class=\"article-top container_col\"><div class=\"article-top container_col\"><h5 id=\"p635806-m608-1-609\" class=\"epigraph regular_lead1\">Desde Anif sostienen que esta medida no ha tenido el apoyo estatal necesario y eso ha limitado su desarrollo.<\/h5><p id=\"p635806-m570-569-571\" class=\"parrafo first-parrafo\">Tras m\u00e1s de un a\u00f1o de implementaci\u00f3n, los <a href=\"https:\/\/aclco.co\/en\/reforma-tributaria-nuevos-impuestos-golpearian-mas\/\">impuestos<\/a> saludables en Colombia han logrado ciertos avances en materia de salud p\u00fablica y recaudo, pero su impacto sigue siendo limitado, seg\u00fan concluye un reciente informe del Centro de Estudios Econ\u00f3micos Anif, que advierte que esta pol\u00edtica fiscal\u00a0ha operado sin un acompa\u00f1amiento integral del Estado, lo que ha restringido su efectividad.<\/p><p id=\"p635806-m632-3-633\" class=\"parrafo\">Cabe recordar que desde noviembre de 2023, el pa\u00eds grava bebidas azucaradas\u00a0y alimentos ultraprocesados con impuestos diferenciados seg\u00fan su contenido nutricional. Esta medida, respaldada por organismos como la Organizaci\u00f3n Mundial de la Salud (OMS), fue incluida en la Ley 2277 de 2022, con el objetivo de desincentivar el consumo de productos que contribuyen al desarrollo de enfermedades cr\u00f3nicas no transmisibles.<\/p><p id=\"p635806-m638-4-639\" class=\"parrafo\">En cuanto a los avances, desde Anif cuentan que en sus primeros meses de vigencia, el impuesto ha contribuido a una leve reducci\u00f3n en el consumo diario de estos productos. Por ejemplo, el porcentaje de j\u00f3venes entre 12 y 28 a\u00f1os que consume bebidas azucaradas todos los d\u00edas pas\u00f3 de 24,6% en 2022 a 22,6% en 2024.<\/p><p class=\"parrafo\">As\u00ed mismo, en adultos de 29 a 44 a\u00f1os, la ca\u00edda fue a\u00fan mayor y pas\u00f3 de 24,9% a 19,2%; mientras que hubo, en paralelo, un aumento de la proporci\u00f3n de personas que las consume solo una vez o menos a la semana.<\/p><p class=\"parrafo\">\u201cEn cuanto a los alimentos fritos de paquete, los cambios han sido m\u00e1s moderados. Entre los j\u00f3venes, el consumo diario pas\u00f3 de 18,7% a 17%. En el grupo de 29 a 44 a\u00f1os se redujo de 7,7% a 7,1%, mientras que los adultos mayores pr\u00e1cticamente mantuvieron sus niveles\u201d, indicaron en un reciente informe.<\/p><div id=\"p635806-m650-6-651\" class=\"highlighted\"><h5 id=\"m655-654-656\" class=\"tiemposBold3\"><strong>Recursos importantes en recaudo<\/strong><\/h5><\/div><p id=\"p635806-m662-7-663\" class=\"parrafo\">Estos analistas agregaron que el patr\u00f3n se repite con los niveles de ingreso, ya que el consumo diario baj\u00f3 en todos los quintiles, pero el descenso fue m\u00e1s notorio en los hogares m\u00e1s pobres, donde el consumo de frituras a diario cay\u00f3 de 18,1% a 14%.<\/p><p id=\"p635806-m668-8-669\" class=\"parrafo\">Sin embargo, Anif subraya que estos avances, aunque positivos, son modestos\u00a0y no generalizados y cuenta que, por ejemplo, el consumo ocasional ha aumentado, pero a\u00fan una porci\u00f3n significativa de la poblaci\u00f3n mantiene h\u00e1bitos poco saludables. En 2024, cerca de 28 millones de colombianos segu\u00edan consumiendo bebidas azucaradas al menos una vez por semana, lo que equivale al 54% de la poblaci\u00f3n.<\/p><p class=\"parrafo\">Desde el punto de vista fiscal, el comportamiento ha sido m\u00e1s din\u00e1mico y en 2024, los impuestos saludables recaudaron $2,9 billones, equivalentes al 1,1% del total del recaudo nacional; mientras que entre enero y mayo de 2025, el recaudo ya va en $1,6 billones, con un aumento del 24,9% frente al mismo periodo de 2024. De ese monto, $288.000 millones provienen de bebidas azucaradas y $1,3 billones de alimentos ultraprocesados.<\/p><p id=\"p635806-m674-9-675\" class=\"parrafo\">\u201cEste crecimiento ha estado acompa\u00f1ado de picos inflacionarios en los productos gravados. Las frituras en paquete pasaron de una inflaci\u00f3n anual del 14,6% en octubre de 2023 a un m\u00e1ximo del 20,7% en\u00a0enero de 2024. Las gaseosas y maltas tambi\u00e9n subieron, alcanzando 13,7% en diciembre de 2023.<\/p><p class=\"parrafo\">Aunque estos efectos se han moderado con una inflaci\u00f3n de solo 0,5% en frituras y 7,1% en gaseosas en junio de 2025, reflejan un traslado parcial del impuesto al consumidor final\u201d, manifestaron.<\/p><div id=\"p635806-m680-10-681\" class=\"highlighted\"><h5 id=\"m685-684-686\" class=\"tiemposBold3\"><strong>Falta apoyo en el programa<\/strong><\/h5><\/div><p id=\"p635806-m692-11-693\" class=\"parrafo\">A pesar de estos indicadores, Anif advierte que el impacto de la medida ha sido contenido por la falta de una estrategia estatal articulada, ya que los impuestos saludables, por s\u00ed solos, no garantizan un cambio estructural en los h\u00e1bitos alimenticios de la poblaci\u00f3n, y resalta que para que sean verdaderamente efectivos, se requiere integrarlos con campa\u00f1as de educaci\u00f3n nutricional, regulaci\u00f3n del etiquetado y promoci\u00f3n activa de alternativas saludables accesibles.<\/p><p class=\"parrafo\">\u201cEl consumo ha bajado, pero el cambio es gradual y no se ha acelerado porque la medida carece de un entorno que la potencie\u201d, concluye el documento, que a su vez cuenta que la experiencia de otros pa\u00edses como M\u00e9xico y Chile, que tambi\u00e9n han aplicado este tipo de impuestos, demuestra que su \u00e9xito depende del trabajo coordinado entre las autoridades fiscales, sanitarias y educativas.<\/p><div id=\"articulocontenido\" class=\"article-content\"><p id=\"p635806-m698-12-699\" class=\"parrafo\">En ese sentido, plantean que el dise\u00f1o fiscal debe acompa\u00f1arse de un enfoque multisectorial en el que se tenga en cuenta que si el Estado no interviene en frentes como la oferta de productos saludables, la educaci\u00f3n en los colegios y la regulaci\u00f3n del mercadeo dirigido a menores, el impacto seguir\u00e1 siendo marginal.<\/p><p class=\"parrafo\">\u201cLos resultados obtenidos hasta ahora muestran una correlaci\u00f3n entre el impuesto y ciertos cambios de consumo, pero no establecen a\u00fan una transformaci\u00f3n sostenida ni equitativa. En s\u00edntesis, el informe reconoce que los impuestos saludables est\u00e1n funcionando, pero al mismo tiempo deja claro que no est\u00e1n logrando transformar los h\u00e1bitos de forma acelerada ni profunda. Sin apoyo institucional, su efecto seguir\u00e1 siendo parcial\u201d, concluyeron.<\/p><\/div><\/div><\/div><\/div><\/div><\/div><\/div><\/div><\/div><\/div><\/section><\/div><\/div><\/div><p><strong>Fuente: <a href=\"https:\/\/www.portafolio.co\/\" target=\"_blank\" rel=\"noopener\">Portafolio<\/a><\/strong><b><\/b><\/p><\/div><\/div><\/div><\/div><\/div><\/div><\/div><\/div><\/div><\/div><\/div><\/header><\/div><\/div><\/div><\/div><\/div><\/div><\/div><\/div><\/div><\/div><\/div><\/div><\/div>\t\t\t\t\t\t\t\t<\/div>\n\t\t\t\t\t<\/div>\n\t\t\t\t<\/div>\n\t\t\t\t<\/div>","protected":false},"excerpt":{"rendered":"<p>Desde Anif sostienen que esta medida no ha tenido el apoyo estatal necesario y eso ha limitado su desarrollo. Tras m\u00e1s de un a\u00f1o de implementaci\u00f3n, los impuestos saludables en Colombia han logrado ciertos avances en materia de salud p\u00fablica y recaudo, pero su impacto sigue siendo limitado, seg\u00fan concluye un reciente informe del Centro [&hellip;]<\/p>","protected":false},"author":5,"featured_media":34076,"comment_status":"open","ping_status":"open","sticky":false,"template":"","format":"standard","meta":{"_joinchat":[],"footnotes":""},"categories":[27,36,29],"tags":[],"class_list":["post-34075","post","type-post","status-publish","format-standard","has-post-thumbnail","hentry","category-noticias-acl","category-contabilidad","category-tributario"],"_links":{"self":[{"href":"https:\/\/aclco.co\/en\/wp-json\/wp\/v2\/posts\/34075","targetHints":{"allow":["GET"]}}],"collection":[{"href":"https:\/\/aclco.co\/en\/wp-json\/wp\/v2\/posts"}],"about":[{"href":"https:\/\/aclco.co\/en\/wp-json\/wp\/v2\/types\/post"}],"author":[{"embeddable":true,"href":"https:\/\/aclco.co\/en\/wp-json\/wp\/v2\/users\/5"}],"replies":[{"embeddable":true,"href":"https:\/\/aclco.co\/en\/wp-json\/wp\/v2\/comments?post=34075"}],"version-history":[{"count":4,"href":"https:\/\/aclco.co\/en\/wp-json\/wp\/v2\/posts\/34075\/revisions"}],"predecessor-version":[{"id":34081,"href":"https:\/\/aclco.co\/en\/wp-json\/wp\/v2\/posts\/34075\/revisions\/34081"}],"wp:featuredmedia":[{"embeddable":true,"href":"https:\/\/aclco.co\/en\/wp-json\/wp\/v2\/media\/34076"}],"wp:attachment":[{"href":"https:\/\/aclco.co\/en\/wp-json\/wp\/v2\/media?parent=34075"}],"wp:term":[{"taxonomy":"category","embeddable":true,"href":"https:\/\/aclco.co\/en\/wp-json\/wp\/v2\/categories?post=34075"},{"taxonomy":"post_tag","embeddable":true,"href":"https:\/\/aclco.co\/en\/wp-json\/wp\/v2\/tags?post=34075"}],"curies":[{"name":"wp","href":"https:\/\/api.w.org\/{rel}","templated":true}]}}