{"id":34116,"date":"2025-08-04T07:13:56","date_gmt":"2025-08-04T12:13:56","guid":{"rendered":"https:\/\/aclco.co\/?p=34116"},"modified":"2025-08-04T10:22:40","modified_gmt":"2025-08-04T15:22:40","slug":"declaracion-de-renta-5-tipos-de-contribuyentes-que-no","status":"publish","type":"post","link":"https:\/\/aclco.co\/en\/declaracion-de-renta-5-tipos-de-contribuyentes-que-no\/","title":{"rendered":"Declaraci\u00f3n de Renta: 5 tipos de contribuyentes que no pueden dejarlo pasar este a\u00f1o"},"content":{"rendered":"<div data-elementor-type=\"wp-post\" data-elementor-id=\"34116\" class=\"elementor elementor-34116\" data-elementor-post-type=\"post\">\n\t\t\t\t<div class=\"elementor-element elementor-element-4fb1ef3 e-flex e-con-boxed e-con e-parent\" data-id=\"4fb1ef3\" data-element_type=\"container\" data-e-type=\"container\">\n\t\t\t\t\t<div class=\"e-con-inner\">\n\t\t\t\t<div class=\"elementor-element elementor-element-e2d721e elementor-widget elementor-widget-text-editor\" data-id=\"e2d721e\" data-element_type=\"widget\" data-e-type=\"widget\" data-widget_type=\"text-editor.default\">\n\t\t\t\t\t\t\t\t\t<div class=\"article-top container_col\"><div id=\"p619554-m392-4-393\" class=\"highlighted\"><div class=\"article-top container_col\"><div class=\"article-top container_col\"><div class=\"article-top container_col\"><div class=\"article-top container_col\"><div class=\"article-top container_col\"><div class=\"article-top container_col\"><div class=\"article-top container_col\"><div class=\"article-top container_col\"><div class=\"article-top container_col\"><div class=\"article-top container_col\"><div class=\"article-top container_col\"><header><div class=\"article-top container_col\"><div class=\"article-top container_col\"><div class=\"article-top container_col\"><div class=\"article-top container_col\"><div class=\"article-top container_col\"><div class=\"article-top container_col\"><div class=\"paragraph\"><div class=\"article-top container_col\"><div class=\"article-top container_col\"><div class=\"article-top container_col\"><div class=\"article-top container_col\"><div class=\"article-top container_col\"><div class=\"article-top container_col\"><div class=\"article-top container_col\"><section class=\"block-mas-noticias\"><div class=\"mas-noticias-header\"><div class=\"article-top container_col\"><div class=\"article-top container_col\"><div id=\"articulocontenido\" class=\"article-content\"><div class=\"article-top container_col\"><div class=\"article-top container_col\"><div class=\"article-top container_col\"><div class=\"article-top container_col\"><div class=\"article-top container_col\"><div id=\"articulocontenido\" class=\"article-content\"><div class=\"article-top container_col\"><div class=\"article-top container_col\"><div class=\"article-top container_col\"><div class=\"article-top container_col\"><h5 id=\"p636474-m190-1-191\" class=\"epigraph regular_lead1\"><strong>Las autoridades confirman los contribuyentes que deber\u00e1n declarar renta en el 2025. \u00bfQui\u00e9nes deben resolver su situaci\u00f3n?<\/strong><\/h5><p id=\"p636474-m152-151-153\" class=\"parrafo first-parrafo\">Durante este a\u00f1o en Colombia, varios ciudadanos deber\u00e1n declarar renta frente a la <a href=\"https:\/\/aclco.co\/en\/instructivo-oficial-de-la-dian-para-la-declaracion-de\/\">Direcci\u00f3n de Impuestos y Aduanas Nacionales (Dian)<\/a>. Es importante que sepa que dicha situaci\u00f3n se aplica a un sector de la poblaci\u00f3n y por ello surgen algunas dudas en los contribuyentes sobre el pago de este tributo.\u00a0\u00bfCu\u00e1les son los cinco tipos de personas que deben realizar este tr\u00e1mite considerando los topes establecidos?<\/p><p>A trav\u00e9s de su sitio web, la entidad recaudadora del pa\u00eds remarc\u00f3 que\u00a0\u201centre el 12 de agosto y el 29 de agosto de 2025, las personas naturales cuyos n\u00fameros de identificaci\u00f3n tributaria terminen\u00a0en los n\u00fameros del 01 al 26, deben presentar su declaraci\u00f3n de renta correspondiente al a\u00f1o gravable 2024\u201d, sostuvo.<\/p><p>En esta l\u00ednea remarc\u00f3 que en este tipo de tr\u00e1mites va a depender de los dos d\u00edgitos del ciudadano y este procedimiento puede extenderse hasta el 24 de octubre del presente a\u00f1o.<\/p><p>Por todo lo anterior, est\u00e1n obligados a declarar los siguientes personas bajo estas caracter\u00edsticas:<\/p><ol><li>Todos aquellos que durante el 2024 hayan tenido ingresos brutos iguales o superiores a las 1.400 UVT, es decir, $65&#8217;891.000.<\/li><li>Tambi\u00e9n deber\u00e1n realizarlo los contribuyentes que tengan un patrimonio bruto con corte al 31 de diciembre del a\u00f1o pasado de m\u00e1s de 4500 unidades UVT, es decir, $211&#8217;793.000.<\/li><li>Los individuos que hayan tenido consumos con tarjeta de cr\u00e9dito durante el 2024 por montos iguales o superiores a las 1.400 UVT, es decir, $65&#8217;891.000.<\/li><li>Son consideradas las personas que con el valor total de sus compras y consumos durante el 2024 hayan sido superiores o iguales a las $1.400 UVT, es decir, $65&#8217;891.000.<\/li><li>Por \u00faltimo, quienes hayan acumulado consignaciones bancarias, dep\u00f3sitos o inversiones en 2024 iguales o superiores a las 1.400 UVT, es decir, $65&#8217;891.000.<\/li><\/ol><div id=\"p636474-m234-4-235\" class=\"highlighted\"><h5 id=\"m239-238-240\" class=\"tiemposBold3\"><strong>\u00bfCu\u00e1les son los pasos que debe seguir para declarar renta?<\/strong><\/h5><\/div><p id=\"p636474-m246-5-247\" class=\"parrafo\">El Ministerio de Justicia por medio de su sitio web dio a conocer los pasos que debe realizar para poder realizar este importante tr\u00e1mite:<\/p><ol><li class=\"parrafo\">Ingrese al sitio web de la Dian en: https:\/\/www.dian.gov.co.<\/li><li class=\"parrafo\">En dicha plataforma deber\u00e1 buscar la opci\u00f3n \u00abUsuario registrado\u00bb. Despu\u00e9s ser\u00e1 el turno de hacer clic en \u00abAcepto t\u00e9rminos y condiciones\u201d y tocar en \u00abContinuar\u00bb. No olvide que tendr\u00e1 que suministrar sus datos personales y adem\u00e1s elegir la opci\u00f3n \u201cA nombre propio\u201d<\/li><li class=\"parrafo\">Cuando haya superado esta parte del tr\u00e1mite podr\u00e1 visualizar en \u00abDestacados del mes\u00bb una opci\u00f3n en donde apreciar\u00e1 los gastos que hizo durante el a\u00f1o pasado en la opci\u00f3n \u201cconsultar informaci\u00f3n ex\u00f3gena\u201d.<br \/>Recuerde que ser\u00e1 necesario diligenciar el Formulario 210 y para que se oficialice esta situaci\u00f3n deber\u00e1 ingresar en el apartado \u00abDeclaraci\u00f3n de renta y complementario de personas naturales\u00bb. No olvide presionar el a\u00f1o y en crear para continuar con el procedimiento.<\/li><li class=\"parrafo\">Guarde todos los cambios en el borrador e imprima la constancia con la que se dirigir\u00e1 a los bancos para abonar los tributos.<\/li><\/ol><\/div><\/div><\/div><\/div><\/div><\/div><\/div><\/div><\/div><\/div><\/div><\/div><\/div><\/div><\/section><\/div><\/div><\/div><p><strong>Fuente: <a href=\"https:\/\/www.portafolio.co\/\" target=\"_blank\" rel=\"noopener\">Portafolio<\/a><\/strong><b><\/b><\/p><\/div><\/div><\/div><\/div><\/div><\/div><\/div><\/div><\/div><\/div><\/div><\/header><\/div><\/div><\/div><\/div><\/div><\/div><\/div><\/div><\/div><\/div><\/div><\/div><\/div>\t\t\t\t\t\t\t\t<\/div>\n\t\t\t\t\t<\/div>\n\t\t\t\t<\/div>\n\t\t\t\t<\/div>","protected":false},"excerpt":{"rendered":"<p>Las autoridades confirman los contribuyentes que deber\u00e1n declarar renta en el 2025. \u00bfQui\u00e9nes deben resolver su situaci\u00f3n? Durante este a\u00f1o en Colombia, varios ciudadanos deber\u00e1n declarar renta frente a la Direcci\u00f3n de Impuestos y Aduanas Nacionales (Dian). Es importante que sepa que dicha situaci\u00f3n se aplica a un sector de la poblaci\u00f3n y por ello [&hellip;]<\/p>","protected":false},"author":5,"featured_media":34117,"comment_status":"open","ping_status":"open","sticky":false,"template":"","format":"standard","meta":{"_joinchat":[],"footnotes":""},"categories":[27,36,29],"tags":[],"class_list":["post-34116","post","type-post","status-publish","format-standard","has-post-thumbnail","hentry","category-noticias-acl","category-contabilidad","category-tributario"],"_links":{"self":[{"href":"https:\/\/aclco.co\/en\/wp-json\/wp\/v2\/posts\/34116","targetHints":{"allow":["GET"]}}],"collection":[{"href":"https:\/\/aclco.co\/en\/wp-json\/wp\/v2\/posts"}],"about":[{"href":"https:\/\/aclco.co\/en\/wp-json\/wp\/v2\/types\/post"}],"author":[{"embeddable":true,"href":"https:\/\/aclco.co\/en\/wp-json\/wp\/v2\/users\/5"}],"replies":[{"embeddable":true,"href":"https:\/\/aclco.co\/en\/wp-json\/wp\/v2\/comments?post=34116"}],"version-history":[{"count":4,"href":"https:\/\/aclco.co\/en\/wp-json\/wp\/v2\/posts\/34116\/revisions"}],"predecessor-version":[{"id":34121,"href":"https:\/\/aclco.co\/en\/wp-json\/wp\/v2\/posts\/34116\/revisions\/34121"}],"wp:featuredmedia":[{"embeddable":true,"href":"https:\/\/aclco.co\/en\/wp-json\/wp\/v2\/media\/34117"}],"wp:attachment":[{"href":"https:\/\/aclco.co\/en\/wp-json\/wp\/v2\/media?parent=34116"}],"wp:term":[{"taxonomy":"category","embeddable":true,"href":"https:\/\/aclco.co\/en\/wp-json\/wp\/v2\/categories?post=34116"},{"taxonomy":"post_tag","embeddable":true,"href":"https:\/\/aclco.co\/en\/wp-json\/wp\/v2\/tags?post=34116"}],"curies":[{"name":"wp","href":"https:\/\/api.w.org\/{rel}","templated":true}]}}