{"id":34130,"date":"2025-08-15T09:56:45","date_gmt":"2025-08-15T14:56:45","guid":{"rendered":"https:\/\/aclco.co\/?p=34130"},"modified":"2025-08-15T10:08:25","modified_gmt":"2025-08-15T15:08:25","slug":"arranca-la-temporada-de-vencimientos-de-la-declaracion","status":"publish","type":"post","link":"https:\/\/aclco.co\/en\/arranca-la-temporada-de-vencimientos-de-la-declaracion\/","title":{"rendered":"Arranca la temporada de vencimientos de la declaraci\u00f3n de renta: lo que debe saber"},"content":{"rendered":"<div data-elementor-type=\"wp-post\" data-elementor-id=\"34130\" class=\"elementor elementor-34130\" data-elementor-post-type=\"post\">\n\t\t\t\t<div class=\"elementor-element elementor-element-4fb1ef3 e-flex e-con-boxed e-con e-parent\" data-id=\"4fb1ef3\" data-element_type=\"container\" data-e-type=\"container\">\n\t\t\t\t\t<div class=\"e-con-inner\">\n\t\t\t\t<div class=\"elementor-element elementor-element-e2d721e elementor-widget elementor-widget-text-editor\" data-id=\"e2d721e\" data-element_type=\"widget\" data-e-type=\"widget\" data-widget_type=\"text-editor.default\">\n\t\t\t\t\t\t\t\t\t<div class=\"article-top container_col\"><div id=\"p619554-m392-4-393\" class=\"highlighted\"><div class=\"article-top container_col\"><div class=\"article-top container_col\"><div class=\"article-top container_col\"><div class=\"article-top container_col\"><div class=\"article-top container_col\"><div class=\"article-top container_col\"><div class=\"article-top container_col\"><div class=\"article-top container_col\"><div class=\"article-top container_col\"><div class=\"article-top container_col\"><div class=\"article-top container_col\"><header><div class=\"article-top container_col\"><div class=\"article-top container_col\"><div class=\"article-top container_col\"><div class=\"article-top container_col\"><div class=\"article-top container_col\"><div class=\"article-top container_col\"><div class=\"paragraph\"><div class=\"article-top container_col\"><div class=\"article-top container_col\"><div class=\"article-top container_col\"><div class=\"article-top container_col\"><div class=\"article-top container_col\"><div class=\"article-top container_col\"><div class=\"article-top container_col\"><section class=\"block-mas-noticias\"><div class=\"mas-noticias-header\"><div class=\"article-top container_col\"><div class=\"article-top container_col\"><div id=\"articulocontenido\" class=\"article-content\"><div class=\"article-top container_col\"><div class=\"article-top container_col\"><div class=\"article-top container_col\"><div class=\"article-top container_col\"><div class=\"article-top container_col\"><div id=\"articulocontenido\" class=\"article-content\"><div class=\"article-top container_col\"><div class=\"article-top container_col\"><div class=\"article-top container_col\"><div class=\"article-top container_col\"><div class=\"article-top container_col\"><h5 id=\"p637446-m1873-1-1874\" class=\"epigraph regular_lead1\"><strong>Las fechas espec\u00edficas de la declaraci\u00f3n dependen de los dos \u00faltimos d\u00edgitos del NIT del contribuyente, y se extienden hasta el 24 de octubre de 2025.<\/strong><\/h5><p>Lleg\u00f3 la hora cero. Este martes 12 de agosto comenz\u00f3 en Colombia la temporada de vencimientos de la declaraci\u00f3n de renta para personas naturales.<\/p><p id=\"p637446-m1897-3-1898\" class=\"parrafo\">Seg\u00fan inform\u00f3 la\u00a0<a href=\"https:\/\/aclco.co\/en\/instructivo-oficial-de-la-dian-para-la-declaracion-de\/\">Direcci\u00f3n de Impuestos y Aduanas Nacionales (Dian)<\/a>, entre\u00a0el 12 de agosto y el 29 de agosto de 2025, las personas naturales cuyos n\u00fameros de identificaci\u00f3n tributaria terminen en los n\u00fameros del 01 al 26, deben presentar su declaraci\u00f3n de renta correspondiente al a\u00f1o gravable 2024.<\/p><p id=\"p637446-m1903-4-1904\" class=\"parrafo\">Tenga en cuenta que las fechas espec\u00edficas de declaraci\u00f3n dependen de los dos \u00faltimos d\u00edgitos del NIT del contribuyente, y se extienden hasta el 24 de octubre de 2025,\u00a0fecha en la que terminar\u00e1 la temporada de vencimientos.<\/p><div id=\"p637446-m1909-5-1910\" class=\"highlighted\"><h5 id=\"m1914-1913-1915\" class=\"tiemposBold3\"><strong>\u00bfQui\u00e9nes deben declarar?<\/strong><\/h5><\/div><p id=\"p637446-m1921-6-1922\" class=\"parrafo\">Para este a\u00f1o, est\u00e1n obligados a declarar quienes hayan tenido ingresos brutos iguales o superiores a 1.400 UVT ($65.891.000), un patrimonio superior a 4.500 UVT ($211.793.000), o transacciones bancarias, compras, consumos o uso de tarjetas de cr\u00e9dito que superen el umbral de 1.400 UVT.<\/p><p id=\"p637446-m1933-8-1934\" class=\"parrafo\">Tambi\u00e9n deben declarar quienes hayan sido responsables del IVA a diciembre de 2024.<\/p><p id=\"p637446-m1939-9-1940\" class=\"parrafo\">Tenga en cuenta que las fechas de presentaci\u00f3n de este tr\u00e1mite dependen de los \u00faltimos dos d\u00edgitos de su NIT, el cual es asignado por la Dian para facilitar la identificaci\u00f3n.<\/p><div id=\"p637446-m1945-10-1946\" class=\"highlighted\"><h5 id=\"m1950-1949-1951\" class=\"tiemposBold3\"><strong>Plazos en agosto<\/strong><\/h5><\/div><ul><li id=\"p637446-m1957-11-1958\" class=\"parrafo\">Martes 12 de agosto: quienes tienen el 01 o el 02 como \u00faltimo digito de su NIT.<\/li><li class=\"parrafo\">Mi\u00e9rcoles 13 de agosto: quienes tienen el 03 o el 04 como \u00faltimo digito de su NIT.<\/li><li class=\"parrafo\">Jueves 14 de agosto: quienes tienen el 05 o el 06 como \u00faltimo digito de su NIT.<\/li><li class=\"parrafo\">Viernes 15 de agosto: quienes tienen el 07 o el 08 como \u00faltimo digito de su NIT.<\/li><li class=\"parrafo\">Martes 19 de agosto: quienes tienen el 09 o el 10 como \u00faltimo digito de su NIT.<\/li><li class=\"parrafo\">Mi\u00e9rcoles 20 de agosto: quienes tienen el 11 o el 12 como \u00faltimo digito de su NIT.<\/li><li class=\"parrafo\">Jueves 21 de agosto: quienes tienen el 13 o el 14 como \u00faltimo digito de su NIT.<\/li><li class=\"parrafo\">Viernes 22 de agosto: quienes tienen el 15 o el 16 como \u00faltimo digito de su NIT.<\/li><li class=\"parrafo\">Lunes 25 de agosto: quienes tienen el 17 o el 18 como \u00faltimo digito de su NIT.<\/li><li class=\"parrafo\">Martes 26 de agosto: quienes tienen el 19 o el 20 como \u00faltimo digito de su NIT.<\/li><li class=\"parrafo\">Mi\u00e9rcoles 27 de agosto: quienes tienen el 21 o el 22 como \u00faltimo digito de su NIT.<\/li><li class=\"parrafo\">Jueves 28 de agosto: quienes tienen el 23 o el 24 como \u00faltimo digito de su NIT.<\/li><li class=\"parrafo\">Viernes 29 de agosto:\u00a0quienes tienen el 25 o el 26 como \u00faltimo digito de su NIT.\u00a0<\/li><\/ul><div id=\"p637446-m2035-24-2036\" class=\"highlighted\"><h5 id=\"m2040-2039-2041\" class=\"tiemposBold3\">Sanciones a las que se expone si incumple<\/h5><\/div><p id=\"p637446-m2047-25-2048\" class=\"parrafo\">Si no presenta este tr\u00e1mite dentro del plazo, debe asumir una sanci\u00f3n por extemporaneidad, que se calcula de la siguiente manera:<\/p><ul><li class=\"parrafo\">5\u202f% del impuesto a cargo por cada mes o fracci\u00f3n de mes de retraso.<\/li><li class=\"parrafo\">Si no tiene impuesto a pagar, la sanci\u00f3n ser\u00e1 de 0,5\u202f% de los ingresos brutos mensuales, hasta un m\u00e1ximo del 5\u202f%.<\/li><\/ul><p>La multa m\u00ednima, en general, es de $498.000, que equivale a 10 UVT en 2025.<\/p><\/div><\/div><\/div><\/div><\/div><\/div><\/div><\/div><\/div><\/div><\/div><\/div><\/div><\/div><\/div><\/section><\/div><\/div><\/div><p><strong>Fuente: <a href=\"https:\/\/www.portafolio.co\/\" target=\"_blank\" rel=\"noopener\">Portafolio<\/a><\/strong><b><\/b><\/p><\/div><\/div><\/div><\/div><\/div><\/div><\/div><\/div><\/div><\/div><\/div><\/header><\/div><\/div><\/div><\/div><\/div><\/div><\/div><\/div><\/div><\/div><\/div><\/div><\/div>\t\t\t\t\t\t\t\t<\/div>\n\t\t\t\t\t<\/div>\n\t\t\t\t<\/div>\n\t\t\t\t<\/div>","protected":false},"excerpt":{"rendered":"<p>Las fechas espec\u00edficas de la declaraci\u00f3n dependen de los dos \u00faltimos d\u00edgitos del NIT del contribuyente, y se extienden hasta el 24 de octubre de 2025. Lleg\u00f3 la hora cero. Este martes 12 de agosto comenz\u00f3 en Colombia la temporada de vencimientos de la declaraci\u00f3n de renta para personas naturales. Seg\u00fan inform\u00f3 la\u00a0Direcci\u00f3n de Impuestos [&hellip;]<\/p>","protected":false},"author":5,"featured_media":34131,"comment_status":"open","ping_status":"open","sticky":false,"template":"","format":"standard","meta":{"_joinchat":[],"footnotes":""},"categories":[27,36,29],"tags":[],"class_list":["post-34130","post","type-post","status-publish","format-standard","has-post-thumbnail","hentry","category-noticias-acl","category-contabilidad","category-tributario"],"_links":{"self":[{"href":"https:\/\/aclco.co\/en\/wp-json\/wp\/v2\/posts\/34130","targetHints":{"allow":["GET"]}}],"collection":[{"href":"https:\/\/aclco.co\/en\/wp-json\/wp\/v2\/posts"}],"about":[{"href":"https:\/\/aclco.co\/en\/wp-json\/wp\/v2\/types\/post"}],"author":[{"embeddable":true,"href":"https:\/\/aclco.co\/en\/wp-json\/wp\/v2\/users\/5"}],"replies":[{"embeddable":true,"href":"https:\/\/aclco.co\/en\/wp-json\/wp\/v2\/comments?post=34130"}],"version-history":[{"count":4,"href":"https:\/\/aclco.co\/en\/wp-json\/wp\/v2\/posts\/34130\/revisions"}],"predecessor-version":[{"id":34136,"href":"https:\/\/aclco.co\/en\/wp-json\/wp\/v2\/posts\/34130\/revisions\/34136"}],"wp:featuredmedia":[{"embeddable":true,"href":"https:\/\/aclco.co\/en\/wp-json\/wp\/v2\/media\/34131"}],"wp:attachment":[{"href":"https:\/\/aclco.co\/en\/wp-json\/wp\/v2\/media?parent=34130"}],"wp:term":[{"taxonomy":"category","embeddable":true,"href":"https:\/\/aclco.co\/en\/wp-json\/wp\/v2\/categories?post=34130"},{"taxonomy":"post_tag","embeddable":true,"href":"https:\/\/aclco.co\/en\/wp-json\/wp\/v2\/tags?post=34130"}],"curies":[{"name":"wp","href":"https:\/\/api.w.org\/{rel}","templated":true}]}}