{"id":34154,"date":"2025-08-25T07:00:00","date_gmt":"2025-08-25T12:00:00","guid":{"rendered":"https:\/\/aclco.co\/?p=34154"},"modified":"2025-08-22T16:15:34","modified_gmt":"2025-08-22T21:15:34","slug":"acceda-al-25-de-descuento-en-renta-ofrecido-por-la-dian","status":"publish","type":"post","link":"https:\/\/aclco.co\/en\/acceda-al-25-de-descuento-en-renta-ofrecido-por-la-dian\/","title":{"rendered":"Acceda al 25% de descuento en Renta ofrecido por la Dian"},"content":{"rendered":"<div data-elementor-type=\"wp-post\" data-elementor-id=\"34154\" class=\"elementor elementor-34154\" data-elementor-post-type=\"post\">\n\t\t\t\t<div class=\"elementor-element elementor-element-4fb1ef3 e-flex e-con-boxed e-con e-parent\" data-id=\"4fb1ef3\" data-element_type=\"container\" data-e-type=\"container\">\n\t\t\t\t\t<div class=\"e-con-inner\">\n\t\t\t\t<div class=\"elementor-element elementor-element-e2d721e elementor-widget elementor-widget-text-editor\" data-id=\"e2d721e\" data-element_type=\"widget\" data-e-type=\"widget\" data-widget_type=\"text-editor.default\">\n\t\t\t\t\t\t\t\t\t<div class=\"article-top container_col\"><div id=\"p619554-m392-4-393\" class=\"highlighted\"><div class=\"article-top container_col\"><div class=\"article-top container_col\"><div class=\"article-top container_col\"><div class=\"article-top container_col\"><div class=\"article-top container_col\"><div class=\"article-top container_col\"><div class=\"article-top container_col\"><div class=\"article-top container_col\"><div class=\"article-top container_col\"><div class=\"article-top container_col\"><div class=\"article-top container_col\"><header><div class=\"article-top container_col\"><div class=\"article-top container_col\"><div class=\"article-top container_col\"><div class=\"article-top container_col\"><div class=\"article-top container_col\"><div class=\"article-top container_col\"><div class=\"paragraph\"><div class=\"article-top container_col\"><div class=\"article-top container_col\"><div class=\"article-top container_col\"><div class=\"article-top container_col\"><div class=\"article-top container_col\"><div class=\"article-top container_col\"><div class=\"article-top container_col\"><section class=\"block-mas-noticias\"><div class=\"mas-noticias-header\"><div class=\"article-top container_col\"><div class=\"article-top container_col\"><div id=\"articulocontenido\" class=\"article-content\"><div class=\"article-top container_col\"><div class=\"article-top container_col\"><div class=\"article-top container_col\"><div class=\"article-top container_col\"><div class=\"article-top container_col\"><div id=\"articulocontenido\" class=\"article-content\"><div class=\"article-top container_col\"><div class=\"article-top container_col\"><div class=\"article-top container_col\"><div class=\"article-top container_col\"><div class=\"article-top container_col\"><div class=\"article-top container_col\"><h5 id=\"pnull-m138-1-139\" class=\"epigraph regular_lead1\"><strong>Se espera que m\u00e1s de seis millones de contribuyentes presenten este impuesto para este a\u00f1o.<\/strong><\/h5><p id=\"pnull-m176-175-177\" class=\"parrafo first-parrafo\" spellcheck=\"false\" data-lt-tmp-id=\"lt-428640\" data-gramm=\"false\">El pasado martes, 12 de agosto, comenzaron los plazos de vencimiento de la\u00a0declaraci\u00f3n de renta del a\u00f1o gravable 2024\u00a0para personas naturales ante la\u00a0<a href=\"https:\/\/aclco.co\/en\/saldos-a-devolver-y-presion-fiscal-futura-riesgos-de-la\/\">Direcci\u00f3n de Impuestos y Aduanas Nacionales (Dian)<\/a>.<\/p><p spellcheck=\"false\" data-lt-tmp-id=\"lt-428640\" data-gramm=\"false\">Seg\u00fan ha dicho la entidad, previo al inicio de estos plazos,\u00a0se espera que m\u00e1s de seis millones de contribuyentes presenten este impuesto para este a\u00f1o, teniendo en cuenta informaci\u00f3n preliminar de la misma entidad, en la que estipula el total de ciudadanos que superaron los siguientes topes de ingresos, bienes y movimientos financieros.<\/p><ul><li spellcheck=\"false\" data-lt-tmp-id=\"lt-428640\" data-gramm=\"false\">Patrimonio bruto igual o superior a $211&#8217;792.500.<\/li><li spellcheck=\"false\" data-lt-tmp-id=\"lt-428640\" data-gramm=\"false\">Ingresos brutos iguales o superiores a $65&#8217;891.000.<\/li><li spellcheck=\"false\" data-lt-tmp-id=\"lt-428640\" data-gramm=\"false\">Consumos con tarjetas de cr\u00e9dito iguales o superiores a $65&#8217;891.000.<\/li><li spellcheck=\"false\" data-lt-tmp-id=\"lt-428640\" data-gramm=\"false\">Consignaciones bancarias, dep\u00f3sitos o inversiones financieras iguales o superiores a $65&#8217;891.000.<\/li><li spellcheck=\"false\" data-lt-tmp-id=\"lt-428640\" data-gramm=\"false\">Compras y consumos iguales o superiores a $65&#8217;891.000.<\/li><\/ul><p spellcheck=\"false\" data-lt-tmp-id=\"lt-428640\" data-gramm=\"false\">Cabe resaltar que\u00a0esta obligaci\u00f3n tributaria solo obedece a los comportamientos financieros que haya hecho el contribuyente entre el 1 de enero y el 31 de diciembre de 2024, no del trabajo que haga, si trabaja como independiente o si est\u00e1 vinculado formalmente a una empresa.<\/p><p id=\"pnull-m325-4-326\" class=\"parrafo\" spellcheck=\"false\" data-lt-tmp-id=\"lt-575261\" data-gramm=\"false\">No obstante, la Dian establece un beneficio para aquellos\u00a0trabajadores independientes, que deben registrar en la declaraci\u00f3n de renta los gastos generados y que les ayuda a tener un\u00a0descuento de hasta el 25% en el monto a pagar.<\/p><p class=\"parrafo\" spellcheck=\"false\" data-lt-tmp-id=\"lt-575261\" data-gramm=\"false\">De acuerdo con la entidad, los trabajadores independientes est\u00e1n obligados a cubrir la totalidad de los gastos asociados a su actividad econ\u00f3mica, como insumos, transporte o maquinaria, arriendo, aportes a la seguridad social, etc.<\/p><p class=\"parrafo\" spellcheck=\"false\" data-lt-tmp-id=\"lt-575261\" data-gramm=\"false\">Estos costos generados por la actividad econom\u00eda se pueden ser registrados en la declaraci\u00f3n como\u00a0egresos deducibles, pero el contribuyente debe presentar los correspondientes soportes que respalden dichos gastos.<\/p><p class=\"parrafo\" spellcheck=\"false\" data-lt-tmp-id=\"lt-575261\" data-gramm=\"false\">Los contribuyentes que presenten dichas constancias tendr\u00e1n un beneficio correspondiente al descuento del 25% en el total del impuesto a pagar y, de acuerdo con la Dian, debe tener soportes de las siguientes actividades:<\/p><ul><li class=\"parrafo\" spellcheck=\"false\" data-lt-tmp-id=\"lt-575261\" data-gramm=\"false\">Certificado del pago de intereses por pr\u00e9stamos para compra de vivienda.<\/li><li class=\"parrafo\" spellcheck=\"false\" data-lt-tmp-id=\"lt-575261\" data-gramm=\"false\">Certificados por pagos de salud.<\/li><li class=\"parrafo\" spellcheck=\"false\" data-lt-tmp-id=\"lt-575261\" data-gramm=\"false\">Pagos de ICA (Impuestos de Industria y Comercio), avisos, tableros y predial.<\/li><li class=\"parrafo\" spellcheck=\"false\" data-lt-tmp-id=\"lt-575261\" data-gramm=\"false\">Certificados de las donaciones o inversiones que hayas hecho durante el a\u00f1o.<\/li><li class=\"parrafo\" spellcheck=\"false\" data-lt-tmp-id=\"lt-575261\" data-gramm=\"false\">Facturas legales de los gastos requeridos para el funcionamiento de la actividad que la persona natural realice como independiente.<\/li><\/ul><p>Todos estos documentos que sirvan de constancia de ingresos, deducciones, patrimonio, etc., tiene que haber sido emitidos por la entidad requerida.<\/p><\/div><h5 class=\"article-top container_col\"><strong style=\"font-size: 16px;\">Fuente: <a href=\"https:\/\/www.portafolio.co\/\" target=\"_blank\" rel=\"noopener\">Portafolio<\/a><\/strong><\/h5><\/div><\/div><\/div><\/div><\/div><\/div><\/div><\/div><\/div><\/div><\/div><\/div><\/div><\/div><\/div><\/section><\/div><\/div><\/div><\/div><\/div><\/div><\/div><\/div><\/div><\/div><\/div><\/div><\/div><\/div><\/header><\/div><\/div><\/div><\/div><\/div><\/div><\/div><\/div><\/div><\/div><\/div><\/div><\/div>\t\t\t\t\t\t\t\t<\/div>\n\t\t\t\t\t<\/div>\n\t\t\t\t<\/div>\n\t\t\t\t<\/div>","protected":false},"excerpt":{"rendered":"<p>Se espera que m\u00e1s de seis millones de contribuyentes presenten este impuesto para este a\u00f1o. El pasado martes, 12 de agosto, comenzaron los plazos de vencimiento de la\u00a0declaraci\u00f3n de renta del a\u00f1o gravable 2024\u00a0para personas naturales ante la\u00a0Direcci\u00f3n de Impuestos y Aduanas Nacionales (Dian). Seg\u00fan ha dicho la entidad, previo al inicio de estos plazos,\u00a0se [&hellip;]<\/p>","protected":false},"author":5,"featured_media":34155,"comment_status":"open","ping_status":"open","sticky":false,"template":"","format":"standard","meta":{"_joinchat":[],"footnotes":""},"categories":[27,36,29],"tags":[],"class_list":["post-34154","post","type-post","status-publish","format-standard","has-post-thumbnail","hentry","category-noticias-acl","category-contabilidad","category-tributario"],"_links":{"self":[{"href":"https:\/\/aclco.co\/en\/wp-json\/wp\/v2\/posts\/34154","targetHints":{"allow":["GET"]}}],"collection":[{"href":"https:\/\/aclco.co\/en\/wp-json\/wp\/v2\/posts"}],"about":[{"href":"https:\/\/aclco.co\/en\/wp-json\/wp\/v2\/types\/post"}],"author":[{"embeddable":true,"href":"https:\/\/aclco.co\/en\/wp-json\/wp\/v2\/users\/5"}],"replies":[{"embeddable":true,"href":"https:\/\/aclco.co\/en\/wp-json\/wp\/v2\/comments?post=34154"}],"version-history":[{"count":4,"href":"https:\/\/aclco.co\/en\/wp-json\/wp\/v2\/posts\/34154\/revisions"}],"predecessor-version":[{"id":34159,"href":"https:\/\/aclco.co\/en\/wp-json\/wp\/v2\/posts\/34154\/revisions\/34159"}],"wp:featuredmedia":[{"embeddable":true,"href":"https:\/\/aclco.co\/en\/wp-json\/wp\/v2\/media\/34155"}],"wp:attachment":[{"href":"https:\/\/aclco.co\/en\/wp-json\/wp\/v2\/media?parent=34154"}],"wp:term":[{"taxonomy":"category","embeddable":true,"href":"https:\/\/aclco.co\/en\/wp-json\/wp\/v2\/categories?post=34154"},{"taxonomy":"post_tag","embeddable":true,"href":"https:\/\/aclco.co\/en\/wp-json\/wp\/v2\/tags?post=34154"}],"curies":[{"name":"wp","href":"https:\/\/api.w.org\/{rel}","templated":true}]}}