{"id":34168,"date":"2025-09-01T11:34:35","date_gmt":"2025-09-01T16:34:35","guid":{"rendered":"https:\/\/aclco.co\/?p=34168"},"modified":"2025-09-01T11:42:23","modified_gmt":"2025-09-01T16:42:23","slug":"declaracion-de-renta-cambios-claves-que-tiene-el-impuesto","status":"publish","type":"post","link":"https:\/\/aclco.co\/en\/declaracion-de-renta-cambios-claves-que-tiene-el-impuesto\/","title":{"rendered":"Declaraci\u00f3n de renta: cambios claves que tiene el impuesto para este a\u00f1o"},"content":{"rendered":"<div data-elementor-type=\"wp-post\" data-elementor-id=\"34168\" class=\"elementor elementor-34168\" data-elementor-post-type=\"post\">\n\t\t\t\t<div class=\"elementor-element elementor-element-4fb1ef3 e-flex e-con-boxed e-con e-parent\" data-id=\"4fb1ef3\" data-element_type=\"container\" data-e-type=\"container\">\n\t\t\t\t\t<div class=\"e-con-inner\">\n\t\t\t\t<div class=\"elementor-element elementor-element-e2d721e elementor-widget elementor-widget-text-editor\" data-id=\"e2d721e\" data-element_type=\"widget\" data-e-type=\"widget\" data-widget_type=\"text-editor.default\">\n\t\t\t\t\t\t\t\t\t<div class=\"article-top container_col\"><div id=\"p619554-m392-4-393\" class=\"highlighted\"><div class=\"article-top container_col\"><div class=\"article-top container_col\"><div class=\"article-top container_col\"><div class=\"article-top container_col\"><div class=\"article-top container_col\"><div class=\"article-top container_col\"><div class=\"article-top container_col\"><div class=\"article-top container_col\"><div class=\"article-top container_col\"><div class=\"article-top container_col\"><div class=\"article-top container_col\"><header><div class=\"article-top container_col\"><div class=\"article-top container_col\"><div class=\"article-top container_col\"><div class=\"article-top container_col\"><div class=\"article-top container_col\"><div class=\"article-top container_col\"><div class=\"paragraph\"><div class=\"article-top container_col\"><div class=\"article-top container_col\"><div class=\"article-top container_col\"><div class=\"article-top container_col\"><div class=\"article-top container_col\"><div class=\"article-top container_col\"><div class=\"article-top container_col\"><section class=\"block-mas-noticias\"><div class=\"mas-noticias-header\"><div class=\"article-top container_col\"><div class=\"article-top container_col\"><div id=\"articulocontenido\" class=\"article-content\"><div class=\"article-top container_col\"><div class=\"article-top container_col\"><div class=\"article-top container_col\"><div class=\"article-top container_col\"><div class=\"article-top container_col\"><div id=\"articulocontenido\" class=\"article-content\"><div class=\"article-top container_col\"><div class=\"article-top container_col\"><div class=\"article-top container_col\"><div class=\"article-top container_col\"><div class=\"article-top container_col\"><div class=\"article-top container_col\"><div class=\"article-top container_col\"><div class=\"article-top container_col\"><h5 id=\"p638638-m190-1-191\" class=\"epigraph regular_lead1\"><strong>Seg\u00fan cifras de la Dian, se estima que este a\u00f1o al menos 400.000 ciudadanos hagan el tr\u00e1mite por primera vez.<\/strong><\/h5><p id=\"p638638-m152-151-153\" class=\"parrafo first-parrafo\">La temporada de <a href=\"https:\/\/aclco.co\/en\/acceda-al-25-de-descuento-en-renta-ofrecido-por-la-dian\/\">declaraci\u00f3n de renta<\/a> correspondiente al a\u00f1o gravable 2024 en Colombia, llega con varios cambios normativos que podr\u00edan impactar el valor del impuesto a pagar o la obligaci\u00f3n de declarar.<\/p><p>De acuerdo con informaci\u00f3n de la Dian, se estima que este a\u00f1o cerca de 6,7 millones de personas naturales estar\u00e1n obligadas a cumplir con este tr\u00e1mite este a\u00f1o, y\u00a0400.000 ciudadanos lo har\u00e1n por primera vez.<\/p><p id=\"p638638-m214-3-215\" class=\"parrafo\">Andr\u00e9s V\u00e9lez, CEO de Tributi.com explic\u00f3\u00a0cu\u00e1les son esos cambios que llegan a esta temporada tributaria y por qu\u00e9 es clave tenerlos en cuenta.<\/p><ol><li class=\"parrafo\"><strong>Deducci\u00f3n ampliada por hijos dependientes:<\/strong> ahora se permite incluir a hijos hasta los 25 a\u00f1os como dependientes econ\u00f3micos, lo cual puede generar una disminuci\u00f3n del impuesto, siempre que se cumplan los requisitos de ley:<\/li><li class=\"parrafo\"><strong>Beneficio de auditor\u00eda por incremento en el impuesto:<\/strong> quienes aumenten su impuesto pagado en un 35% o m\u00e1s frente al a\u00f1o anterior podr\u00e1n acogerse al beneficio de auditor\u00eda, que limita los tiempos de revisi\u00f3n de la Dian a 6 o 12 meses.<\/li><li class=\"parrafo\"><strong>Ajustes en topes por UVT:<\/strong> se actualizan los valores que determinan la obligaci\u00f3n de declarar. Por ejemplo, deben declarar quienes hayan tenido ingresos brutos iguales o superiores a $65.891.000 en 2024, con base en una UVT de $47.067.<\/li><li class=\"parrafo\"><strong>No hay cambios en el formulario ni en el calendario:<\/strong> se mantiene el uso del formulario 210 y el calendario oficial de vencimientos, que ir\u00e1 del 12 de agosto al 24 de octubre de 2025, seg\u00fan el \u00faltimo d\u00edgito del NIT.<\/li><li class=\"parrafo\"><strong>Riesgos operativos y congesti\u00f3n:<\/strong>\u00a0tras los problemas registrados en mayo con la plataforma de la Dian, se prev\u00e9 que los meses de septiembre y octubre presenten alta congesti\u00f3n, lo que ha llevado a expertos a recomendar no dejar el proceso para los \u00faltimos d\u00edas.<\/li><\/ol><p id=\"p638638-m220-4-221\" class=\"parrafo\" spellcheck=\"false\" data-lt-tmp-id=\"lt-825\" data-gramm=\"false\">\u201cCumplir con la declaraci\u00f3n de renta a tiempo no solo evita complicaciones, sino que tambi\u00e9n brinda tranquilidad.\u00a0Este a\u00f1o, la sanci\u00f3n m\u00ednima por no declarar es de $498.000,\u00a0sin contar los intereses o sanciones adicionales que pueden aplicarse. Por esto,\u00a0la invitaci\u00f3n para todos es que se informen con anticipaci\u00f3n y de esta forma, eviten multas que afecten sus bolsillos\u201d, concluye V\u00e9lez.<\/p><p id=\"p638638-m226-5-227\" class=\"parrafo\">Por otro lado, la Dian advierte que, si la declaraci\u00f3n de renta no se presenta dentro de los plazos establecidos, el contribuyente incurre en una sanci\u00f3n por extemporaneidad, de acuerdo con lo dispuesto en el art\u00edculo 641 del Estatuto Tributario.<\/p><p>Adem\u00e1s,\u00a0el retraso puede acarrear intereses de mora y afectar la situaci\u00f3n fiscal del contribuyente.\u00a0Por ello, la recomendaci\u00f3n es cumplir estrictamente con el calendario tributario para evitar costos adicionales.<\/p><\/div><\/div><\/div><h5 class=\"article-top container_col\"><strong style=\"font-size: 16px;\">Fuente: <a href=\"https:\/\/www.portafolio.co\/\" target=\"_blank\" rel=\"noopener\">Portafolio<\/a><\/strong><\/h5><\/div><\/div><\/div><\/div><\/div><\/div><\/div><\/div><\/div><\/div><\/div><\/div><\/div><\/div><\/div><\/section><\/div><\/div><\/div><\/div><\/div><\/div><\/div><\/div><\/div><\/div><\/div><\/div><\/div><\/div><\/header><\/div><\/div><\/div><\/div><\/div><\/div><\/div><\/div><\/div><\/div><\/div><\/div><\/div>\t\t\t\t\t\t\t\t<\/div>\n\t\t\t\t\t<\/div>\n\t\t\t\t<\/div>\n\t\t\t\t<\/div>","protected":false},"excerpt":{"rendered":"<p>Seg\u00fan cifras de la Dian, se estima que este a\u00f1o al menos 400.000 ciudadanos hagan el tr\u00e1mite por primera vez. La temporada de declaraci\u00f3n de renta correspondiente al a\u00f1o gravable 2024 en Colombia, llega con varios cambios normativos que podr\u00edan impactar el valor del impuesto a pagar o la obligaci\u00f3n de declarar. De acuerdo con [&hellip;]<\/p>","protected":false},"author":5,"featured_media":34169,"comment_status":"open","ping_status":"open","sticky":false,"template":"","format":"standard","meta":{"_joinchat":[],"footnotes":""},"categories":[27,36,29],"tags":[],"class_list":["post-34168","post","type-post","status-publish","format-standard","has-post-thumbnail","hentry","category-noticias-acl","category-contabilidad","category-tributario"],"_links":{"self":[{"href":"https:\/\/aclco.co\/en\/wp-json\/wp\/v2\/posts\/34168","targetHints":{"allow":["GET"]}}],"collection":[{"href":"https:\/\/aclco.co\/en\/wp-json\/wp\/v2\/posts"}],"about":[{"href":"https:\/\/aclco.co\/en\/wp-json\/wp\/v2\/types\/post"}],"author":[{"embeddable":true,"href":"https:\/\/aclco.co\/en\/wp-json\/wp\/v2\/users\/5"}],"replies":[{"embeddable":true,"href":"https:\/\/aclco.co\/en\/wp-json\/wp\/v2\/comments?post=34168"}],"version-history":[{"count":4,"href":"https:\/\/aclco.co\/en\/wp-json\/wp\/v2\/posts\/34168\/revisions"}],"predecessor-version":[{"id":34173,"href":"https:\/\/aclco.co\/en\/wp-json\/wp\/v2\/posts\/34168\/revisions\/34173"}],"wp:featuredmedia":[{"embeddable":true,"href":"https:\/\/aclco.co\/en\/wp-json\/wp\/v2\/media\/34169"}],"wp:attachment":[{"href":"https:\/\/aclco.co\/en\/wp-json\/wp\/v2\/media?parent=34168"}],"wp:term":[{"taxonomy":"category","embeddable":true,"href":"https:\/\/aclco.co\/en\/wp-json\/wp\/v2\/categories?post=34168"},{"taxonomy":"post_tag","embeddable":true,"href":"https:\/\/aclco.co\/en\/wp-json\/wp\/v2\/tags?post=34168"}],"curies":[{"name":"wp","href":"https:\/\/api.w.org\/{rel}","templated":true}]}}