{"id":34190,"date":"2025-09-12T10:14:45","date_gmt":"2025-09-12T15:14:45","guid":{"rendered":"https:\/\/aclco.co\/?p=34190"},"modified":"2025-09-12T10:31:59","modified_gmt":"2025-09-12T15:31:59","slug":"dolar-en-colombia-abre-este-viernes-por-debajo-de-3-900","status":"publish","type":"post","link":"https:\/\/aclco.co\/en\/dolar-en-colombia-abre-este-viernes-por-debajo-de-3-900\/","title":{"rendered":"D\u00f3lar en Colombia abre este viernes por debajo de $3.900"},"content":{"rendered":"<div data-elementor-type=\"wp-post\" data-elementor-id=\"34190\" class=\"elementor elementor-34190\" data-elementor-post-type=\"post\">\n\t\t\t\t<div class=\"elementor-element elementor-element-4fb1ef3 e-flex e-con-boxed e-con e-parent\" data-id=\"4fb1ef3\" data-element_type=\"container\" data-e-type=\"container\">\n\t\t\t\t\t<div class=\"e-con-inner\">\n\t\t\t\t<div class=\"elementor-element elementor-element-e2d721e elementor-widget elementor-widget-text-editor\" data-id=\"e2d721e\" data-element_type=\"widget\" data-e-type=\"widget\" data-widget_type=\"text-editor.default\">\n\t\t\t\t\t\t\t\t\t<div class=\"article-top container_col\"><div id=\"p619554-m392-4-393\" class=\"highlighted\"><div class=\"article-top container_col\"><div class=\"article-top container_col\"><div class=\"article-top container_col\"><div class=\"article-top container_col\"><div class=\"article-top container_col\"><div class=\"article-top container_col\"><div class=\"article-top container_col\"><div class=\"article-top container_col\"><div class=\"article-top container_col\"><div class=\"article-top container_col\"><div class=\"article-top container_col\"><header><div class=\"article-top container_col\"><div class=\"article-top container_col\"><div class=\"article-top container_col\"><div class=\"article-top container_col\"><div class=\"article-top container_col\"><div class=\"article-top container_col\"><div class=\"paragraph\"><div class=\"article-top container_col\"><div class=\"article-top container_col\"><div class=\"article-top container_col\"><div class=\"article-top container_col\"><div class=\"article-top container_col\"><div class=\"article-top container_col\"><div class=\"article-top container_col\"><section class=\"block-mas-noticias\"><div class=\"mas-noticias-header\"><div class=\"article-top container_col\"><div class=\"article-top container_col\"><div id=\"articulocontenido\" class=\"article-content\"><div class=\"article-top container_col\"><div class=\"article-top container_col\"><div class=\"article-top container_col\"><div class=\"article-top container_col\"><div class=\"article-top container_col\"><div id=\"articulocontenido\" class=\"article-content\"><div class=\"article-top container_col\"><div class=\"article-top container_col\"><div class=\"article-top container_col\"><div class=\"article-top container_col\"><div class=\"article-top container_col\"><div class=\"article-top container_col\"><div class=\"article-top container_col\"><div class=\"article-top container_col\"><div class=\"article-top container_col\"><div class=\"article-top container_col\"><h5 id=\"p639746-m1466-1-1467\" class=\"epigraph regular_lead1\"><strong>La divisa estadounidense sigue debilit\u00e1ndose frente al peso colombiano. As\u00ed arranca la negociaci\u00f3n este 12 de septiembre.<\/strong><\/h5><p>El\u00a0<a href=\"https:\/\/aclco.co\/en\/precio-del-dolar-en-colombia-sube-en-visperas-de-navidad\/\">precio del d\u00f3lar<\/a> en Colombia sigue sin tocar piso y este viernes 12 de septiembre abri\u00f3 la jornada por debajo de $3.900.<\/p><p id=\"p639746-m1490-3-1491\" class=\"parrafo\">Seg\u00fan la Bolsa de Valores,\u00a0la divisa estadounidense se cotiza en un precio promedio de 3.895, es decir, baja 8 pesos frente a la TRM del d\u00eda que es de $3.903.<\/p><p id=\"p639746-m1496-4-1497\" class=\"parrafo\">Incluso, su precio m\u00ednimo ya toca los $3.891, mostrando desde el inicio de la sesi\u00f3n una tendencia bajista en las primeras negociaciones del d\u00eda.<\/p><p id=\"p639746-m1502-5-1503\" class=\"parrafo\">Los d\u00e9biles datos econ\u00f3micos en Estados Unidos han generado serias preocupaciones entre los inversores, hecho que ha provocado el debilitamiento del d\u00f3lar a nivel global.<\/p><p id=\"p639746-m1508-6-1509\" class=\"parrafo\">Este panorama ha permitido la consolidaci\u00f3n de otras monedas como el peso colombiano que en las m\u00e1s recientes jornadas ha exhibi\u00f3 mayor solidez, reforzando as\u00ed la fortaleza que ha venido demostrando en los \u00faltimos meses.<\/p><p>Analistas del mercado proyectaron a comienzos de semana un d\u00f3lar con tendencia hacia\u00a0\u00absesgo bajista\u00bb, con un precio soporte de $3.930 y un precio de resistencia de $4.000.<\/p><\/div><p class=\"p1\"><strong>Fuente: <a href=\"https:\/\/www.larepublica.co\/\" target=\"_blank\" rel=\"noopener\">La Rep\u00fablica<\/a><\/strong><\/p><\/div><\/div><\/div><\/div><\/div><\/div><\/div><\/div><\/div><\/div><\/div><\/div><\/div><\/div><\/div><\/div><\/div><\/div><\/div><\/section><\/div><\/div><\/div><\/div><\/div><\/div><\/div><\/div><\/div><\/div><\/div><\/div><\/div><\/div><\/header><\/div><\/div><\/div><\/div><\/div><\/div><\/div><\/div><\/div><\/div><\/div><\/div><\/div>\t\t\t\t\t\t\t\t<\/div>\n\t\t\t\t\t<\/div>\n\t\t\t\t<\/div>\n\t\t\t\t<\/div>","protected":false},"excerpt":{"rendered":"<p>La divisa estadounidense sigue debilit\u00e1ndose frente al peso colombiano. As\u00ed arranca la negociaci\u00f3n este 12 de septiembre. El\u00a0precio del d\u00f3lar en Colombia sigue sin tocar piso y este viernes 12 de septiembre abri\u00f3 la jornada por debajo de $3.900. Seg\u00fan la Bolsa de Valores,\u00a0la divisa estadounidense se cotiza en un precio promedio de 3.895, es [&hellip;]<\/p>","protected":false},"author":5,"featured_media":34191,"comment_status":"open","ping_status":"open","sticky":false,"template":"","format":"standard","meta":{"_joinchat":[],"footnotes":""},"categories":[27,36,29],"tags":[],"class_list":["post-34190","post","type-post","status-publish","format-standard","has-post-thumbnail","hentry","category-noticias-acl","category-contabilidad","category-tributario"],"_links":{"self":[{"href":"https:\/\/aclco.co\/en\/wp-json\/wp\/v2\/posts\/34190","targetHints":{"allow":["GET"]}}],"collection":[{"href":"https:\/\/aclco.co\/en\/wp-json\/wp\/v2\/posts"}],"about":[{"href":"https:\/\/aclco.co\/en\/wp-json\/wp\/v2\/types\/post"}],"author":[{"embeddable":true,"href":"https:\/\/aclco.co\/en\/wp-json\/wp\/v2\/users\/5"}],"replies":[{"embeddable":true,"href":"https:\/\/aclco.co\/en\/wp-json\/wp\/v2\/comments?post=34190"}],"version-history":[{"count":4,"href":"https:\/\/aclco.co\/en\/wp-json\/wp\/v2\/posts\/34190\/revisions"}],"predecessor-version":[{"id":34196,"href":"https:\/\/aclco.co\/en\/wp-json\/wp\/v2\/posts\/34190\/revisions\/34196"}],"wp:featuredmedia":[{"embeddable":true,"href":"https:\/\/aclco.co\/en\/wp-json\/wp\/v2\/media\/34191"}],"wp:attachment":[{"href":"https:\/\/aclco.co\/en\/wp-json\/wp\/v2\/media?parent=34190"}],"wp:term":[{"taxonomy":"category","embeddable":true,"href":"https:\/\/aclco.co\/en\/wp-json\/wp\/v2\/categories?post=34190"},{"taxonomy":"post_tag","embeddable":true,"href":"https:\/\/aclco.co\/en\/wp-json\/wp\/v2\/tags?post=34190"}],"curies":[{"name":"wp","href":"https:\/\/api.w.org\/{rel}","templated":true}]}}