{"id":34205,"date":"2025-09-19T12:01:13","date_gmt":"2025-09-19T17:01:13","guid":{"rendered":"https:\/\/aclco.co\/?p=34205"},"modified":"2025-09-19T12:13:02","modified_gmt":"2025-09-19T17:13:02","slug":"renta-ciudadana-y-devolucion-del-iva-fechas-y-como","status":"publish","type":"post","link":"https:\/\/aclco.co\/en\/renta-ciudadana-y-devolucion-del-iva-fechas-y-como\/","title":{"rendered":"Renta ciudadana y devoluci\u00f3n del IVA: fechas y c\u00f3mo reclamar el pago"},"content":{"rendered":"<div data-elementor-type=\"wp-post\" data-elementor-id=\"34205\" class=\"elementor elementor-34205\" data-elementor-post-type=\"post\">\n\t\t\t\t<div class=\"elementor-element elementor-element-4fb1ef3 e-flex e-con-boxed e-con e-parent\" data-id=\"4fb1ef3\" data-element_type=\"container\" data-e-type=\"container\">\n\t\t\t\t\t<div class=\"e-con-inner\">\n\t\t\t\t<div class=\"elementor-element elementor-element-e2d721e elementor-widget elementor-widget-text-editor\" data-id=\"e2d721e\" data-element_type=\"widget\" data-e-type=\"widget\" data-widget_type=\"text-editor.default\">\n\t\t\t\t\t\t\t\t\t<div class=\"article-top container_col\"><div id=\"p619554-m392-4-393\" class=\"highlighted\"><div class=\"article-top container_col\"><div class=\"article-top container_col\"><div class=\"article-top container_col\"><div class=\"article-top container_col\"><div class=\"article-top container_col\"><div class=\"article-top container_col\"><div class=\"article-top container_col\"><div class=\"article-top container_col\"><div class=\"article-top container_col\"><div class=\"article-top container_col\"><div class=\"article-top container_col\"><header><div class=\"article-top container_col\"><div class=\"article-top container_col\"><div class=\"article-top container_col\"><div class=\"article-top container_col\"><div class=\"article-top container_col\"><div class=\"article-top container_col\"><div class=\"paragraph\"><div class=\"article-top container_col\"><div class=\"article-top container_col\"><div class=\"article-top container_col\"><div class=\"article-top container_col\"><div class=\"article-top container_col\"><div class=\"article-top container_col\"><div class=\"article-top container_col\"><section class=\"block-mas-noticias\"><div class=\"mas-noticias-header\"><div class=\"article-top container_col\"><div class=\"article-top container_col\"><div id=\"articulocontenido\" class=\"article-content\"><div class=\"article-top container_col\"><div class=\"article-top container_col\"><div class=\"article-top container_col\"><div class=\"article-top container_col\"><div class=\"article-top container_col\"><div id=\"articulocontenido\" class=\"article-content\"><div class=\"article-top container_col\"><div class=\"article-top container_col\"><div class=\"article-top container_col\"><div class=\"article-top container_col\"><div class=\"article-top container_col\"><div class=\"article-top container_col\"><div class=\"article-top container_col\"><div class=\"article-top container_col\"><div class=\"article-top container_col\"><div class=\"article-top container_col\"><div class=\"article-top container_col\"><h5><strong>Prosperidad Social inicia entrega de transferencias con inversi\u00f3n de $260.680 millones que beneficiar\u00e1 a 774.823 hogares.<\/strong><\/h5><p>El director de Prosperidad Social, Mauricio Rodr\u00edguez Amaya, anunci\u00f3 que este mes arranca la entrega de transferencias monetarias para los hogares beneficiarios de los programas Renta Ciudadana y <a href=\"https:\/\/aclco.co\/en\/recaudo-tributario-sigue-bajo-presion-por-devoluciones-y\/\">Devoluci\u00f3n del IVA<\/a>.<\/p><p>Se trata del cuarto ciclo del a\u00f1o que beneficiar\u00e1 a 774.823 hogares con una inversi\u00f3n de $260.680 millones.<\/p><p>Estos programas benefician a hogares que cuidan a m\u00e1s de 851.294 ni\u00f1os y ni\u00f1as menores de 6 a\u00f1os, en situaci\u00f3n de alta vulnerabilidad. Tambi\u00e9n llegar\u00e1n los recursos a 50.868 hogares en pobreza extrema con una persona con discapacidad que requiere cuidador.<\/p><h5>Requisitos de Renta Ciudadana<\/h5><p>Para recibir el dinero de este ciclo, los hogares deben cumplir con los requisitos exigidos. Se trata de:<\/p><ul><li>Aseguramiento en salud.<\/li><li>Matr\u00edcula escolar para ni\u00f1os, ni\u00f1as y adolescentes entre 5 y 18 a\u00f1os.<\/li><li>Esquema de vacunaci\u00f3n completo para los menores de 6 a\u00f1os.<\/li><\/ul><p>Los hogares que no cumplieron con dichas especificaciones no recibir\u00e1n la transferencia que corresponde al cuarto ciclo de pagos.<\/p><p><strong>Atenci\u00f3n:<\/strong> el dinero de las transferencias no es acumulable.<\/p><h5>Fechas y c\u00f3mo reclamar el dinero<\/h5><p>El Banco Agrario de Colombia entregar\u00e1 los recursos a trav\u00e9s de cuentas bancarias y giros, seg\u00fan las condiciones de cada hogar.<\/p><p>Por eso, los beneficiarios deben contactarse directamente con la entidad para conocer el momento en el que pueden recibir el dinero. Con esta estrategia se busca mayor cobertura, eficiencia y seguridad en la entrega de los apoyos econ\u00f3micos.<\/p><p>El comienzo del ciclo es este 25 de septiembre y la jornada finalizar\u00e1 el 13 de octubre para los hogares que reciben los pagos en modalidad de giro.<\/p><h5>Integraci\u00f3n de los programas<\/h5><p>Este ciclo refleja el proceso de integraci\u00f3n entre Renta Ciudadana y Devoluci\u00f3n del IVA, establecido en el Plan Nacional de Desarrollo Colombia, de acuerdo con Prosperidad Social. Los objetivos de esta integraci\u00f3n son:<\/p><ul><li>Optimizar el uso de los recursos p\u00fablicos.<\/li><li>Mejorar la identificaci\u00f3n de beneficiarios.<\/li><li>Ampliar la cobertura de la pol\u00edtica social.<\/li><li>Garantizar entregas m\u00e1s oportunas y complementarias a los hogares que m\u00e1s lo necesitan.<\/li><\/ul><\/div><\/div><p class=\"p1\"><strong>Fuente: <a href=\"https:\/\/www.elespectador.com\/\" target=\"_blank\" rel=\"noopener\">El Espectador<\/a><\/strong><\/p><\/div><\/div><\/div><\/div><\/div><\/div><\/div><\/div><\/div><\/div><\/div><\/div><\/div><\/div><\/div><\/div><\/div><\/div><\/div><\/section><\/div><\/div><\/div><\/div><\/div><\/div><\/div><\/div><\/div><\/div><\/div><\/div><\/div><\/div><\/header><\/div><\/div><\/div><\/div><\/div><\/div><\/div><\/div><\/div><\/div><\/div><\/div><\/div>\t\t\t\t\t\t\t\t<\/div>\n\t\t\t\t\t<\/div>\n\t\t\t\t<\/div>\n\t\t\t\t<\/div>","protected":false},"excerpt":{"rendered":"<p>Prosperidad Social inicia entrega de transferencias con inversi\u00f3n de $260.680 millones que beneficiar\u00e1 a 774.823 hogares. El director de Prosperidad Social, Mauricio Rodr\u00edguez Amaya, anunci\u00f3 que este mes arranca la entrega de transferencias monetarias para los hogares beneficiarios de los programas Renta Ciudadana y Devoluci\u00f3n del IVA. Se trata del cuarto ciclo del a\u00f1o que [&hellip;]<\/p>","protected":false},"author":5,"featured_media":34212,"comment_status":"open","ping_status":"open","sticky":false,"template":"","format":"standard","meta":{"_joinchat":[],"footnotes":""},"categories":[27,36,29],"tags":[],"class_list":["post-34205","post","type-post","status-publish","format-standard","has-post-thumbnail","hentry","category-noticias-acl","category-contabilidad","category-tributario"],"_links":{"self":[{"href":"https:\/\/aclco.co\/en\/wp-json\/wp\/v2\/posts\/34205","targetHints":{"allow":["GET"]}}],"collection":[{"href":"https:\/\/aclco.co\/en\/wp-json\/wp\/v2\/posts"}],"about":[{"href":"https:\/\/aclco.co\/en\/wp-json\/wp\/v2\/types\/post"}],"author":[{"embeddable":true,"href":"https:\/\/aclco.co\/en\/wp-json\/wp\/v2\/users\/5"}],"replies":[{"embeddable":true,"href":"https:\/\/aclco.co\/en\/wp-json\/wp\/v2\/comments?post=34205"}],"version-history":[{"count":4,"href":"https:\/\/aclco.co\/en\/wp-json\/wp\/v2\/posts\/34205\/revisions"}],"predecessor-version":[{"id":34211,"href":"https:\/\/aclco.co\/en\/wp-json\/wp\/v2\/posts\/34205\/revisions\/34211"}],"wp:featuredmedia":[{"embeddable":true,"href":"https:\/\/aclco.co\/en\/wp-json\/wp\/v2\/media\/34212"}],"wp:attachment":[{"href":"https:\/\/aclco.co\/en\/wp-json\/wp\/v2\/media?parent=34205"}],"wp:term":[{"taxonomy":"category","embeddable":true,"href":"https:\/\/aclco.co\/en\/wp-json\/wp\/v2\/categories?post=34205"},{"taxonomy":"post_tag","embeddable":true,"href":"https:\/\/aclco.co\/en\/wp-json\/wp\/v2\/tags?post=34205"}],"curies":[{"name":"wp","href":"https:\/\/api.w.org\/{rel}","templated":true}]}}