{"id":34213,"date":"2025-09-22T11:47:46","date_gmt":"2025-09-22T16:47:46","guid":{"rendered":"https:\/\/aclco.co\/?p=34213"},"modified":"2025-09-22T12:11:59","modified_gmt":"2025-09-22T17:11:59","slug":"el-salario-minimo-en-colombia-para-2026-podria-ser-de","status":"publish","type":"post","link":"https:\/\/aclco.co\/en\/el-salario-minimo-en-colombia-para-2026-podria-ser-de\/","title":{"rendered":"El salario m\u00ednimo en Colombia para 2026 podr\u00eda ser de $1&#8217;600.000"},"content":{"rendered":"<div data-elementor-type=\"wp-post\" data-elementor-id=\"34213\" class=\"elementor elementor-34213\" data-elementor-post-type=\"post\">\n\t\t\t\t<div class=\"elementor-element elementor-element-4fb1ef3 e-flex e-con-boxed e-con e-parent\" data-id=\"4fb1ef3\" data-element_type=\"container\" data-e-type=\"container\">\n\t\t\t\t\t<div class=\"e-con-inner\">\n\t\t\t\t<div class=\"elementor-element elementor-element-e2d721e elementor-widget elementor-widget-text-editor\" data-id=\"e2d721e\" data-element_type=\"widget\" data-e-type=\"widget\" data-widget_type=\"text-editor.default\">\n\t\t\t\t\t\t\t\t\t<div class=\"article-top container_col\"><div id=\"p619554-m392-4-393\" class=\"highlighted\"><div class=\"article-top container_col\"><div class=\"article-top container_col\"><div class=\"article-top container_col\"><div class=\"article-top container_col\"><div class=\"article-top container_col\"><div class=\"article-top container_col\"><div class=\"article-top container_col\"><div class=\"article-top container_col\"><div class=\"article-top container_col\"><div class=\"article-top container_col\"><div class=\"article-top container_col\"><header><div class=\"article-top container_col\"><div class=\"article-top container_col\"><div class=\"article-top container_col\"><div class=\"article-top container_col\"><div class=\"article-top container_col\"><div class=\"article-top container_col\"><div class=\"paragraph\"><div class=\"article-top container_col\"><div class=\"article-top container_col\"><div class=\"article-top container_col\"><div class=\"article-top container_col\"><div class=\"article-top container_col\"><div class=\"article-top container_col\"><div class=\"article-top container_col\"><section class=\"block-mas-noticias\"><div class=\"mas-noticias-header\"><div class=\"article-top container_col\"><div class=\"article-top container_col\"><div id=\"articulocontenido\" class=\"article-content\"><div class=\"article-top container_col\"><div class=\"article-top container_col\"><div class=\"article-top container_col\"><div class=\"article-top container_col\"><div class=\"article-top container_col\"><div id=\"articulocontenido\" class=\"article-content\"><div class=\"article-top container_col\"><div class=\"article-top container_col\"><div class=\"article-top container_col\"><div class=\"article-top container_col\"><div class=\"article-top container_col\"><div class=\"article-top container_col\"><div class=\"article-top container_col\"><div class=\"article-top container_col\"><div class=\"article-top container_col\"><div class=\"article-top container_col\"><div class=\"article-top container_col\"><h5 id=\"pnull-m138-1-139\" class=\"epigraph regular_lead1\"><strong>Seg\u00fan un informe del Banco de Bogot\u00e1, existe &#8216;una alta probabilidad de un aumento desbordado, consistente con un ajuste de +12,4%, o m\u00e1s de 7% real&#8217;.<\/strong><\/h5><p id=\"pnull-m176-175-177\" class=\"parrafo first-parrafo\">Desde julio, miembros del Gobierno, incluido el presidente G. Petro, han dejado claro que el ajuste del <a href=\"https:\/\/aclco.co\/en\/salario-minimo-2025-que-trabajadores-no-lo-recibiran\/\">salario m\u00ednimo (SMLV) <\/a>para 2026 volver\u00e1 a ser alto. Seg\u00fan el ministro de Hacienda, G. \u00c1vila, el presidente aprovechar\u00e1 su \u00faltimo a\u00f1o para aumentar, de forma importante el SMLV, entendiendo que, seg\u00fan \u00e9l, esta pol\u00edtica ha generado beneficios para la econom\u00eda nacional.<\/p><p class=\"parrafo first-parrafo\">Investigaciones Econ\u00f3micas (IE) del Banco de Bogot\u00e1 destaca que, en los \u00faltimos cuatro gobiernos, siempre el aumento real (descontando inflaci\u00f3n) del SMLV del a\u00f1o final del mandato fue mayor si se compara con los tres a\u00f1os anteriores (Gr\u00e1fico 1). Es m\u00e1s, en el Gobierno anterior, el \u00faltimo ajuste real del SMLV fue casi el doble del promedio de los aumentos realizados en los tres a\u00f1os anteriores.<\/p><div id=\"articulocontenido\" class=\"article-content\"><p id=\"pnull-m200-3-201\" class=\"parrafo\">Teniendo en cuenta que la inflaci\u00f3n, con alta probabilidad, cerrar\u00eda 2025 cerca de 5.0%, nivel similar al de 2024 (5.2%), el punto de partida de ajuste del SMLV para 2026 ser\u00eda el decretado el a\u00f1o anterior de +9.5%. Con esto, el SMLV pasar\u00eda de $1,423,500 a $1,558,773. No obstante, como se resalt\u00f3, el ajuste podr\u00eda ser mayor. Para IE, incorporando la experiencia del \u00faltimo a\u00f1o de gobierno de I. Duque, as\u00ed como los realizados por el actual gobierno, existe una alta probabilidad de un aumento desbordado del SMLV, apunt\u00e1ndole a $1,600,000 en 2026, consistente con un ajuste de +12.4%.\u00a0<\/p><p id=\"pnull-m253-4-254\" class=\"parrafo\" spellcheck=\"false\" data-lt-tmp-id=\"lt-795661\" data-gramm=\"false\">De darse, el incremento real del SMLV (descontando inflaci\u00f3n del a\u00f1o anterior) superar\u00eda el 7.0%, un m\u00e1ximo de 40 a\u00f1os. Si bien un aumento de esta magnitud podr\u00eda beneficiar el poder adquisitivo de los hogares en el corto plazo, la ganancia se diluir\u00eda en el mediano y largo plazo por la mayor inflaci\u00f3n. Es m\u00e1s, el incremento del SMLV pueda ser incluso mayor por motivaciones pol\u00edticas, v\u00eda el ajuste del subsidio de transporte como pas\u00f3 en 2024.<\/p><p class=\"parrafo\" spellcheck=\"false\" data-lt-tmp-id=\"lt-795661\" data-gramm=\"false\">Si bien el ministro de Hacienda, G. \u00c1vila, ha declarado que los altos elevados del SMLV no han afectado el empleo ni la inflaci\u00f3n, la informaci\u00f3n observada en 2025 revela todo lo contrario. En empleo, un estudio del Banco de la Rep\u00fablica (BR) revel\u00f3 que los altos ajustes del SMLV han influido en el aumento de la informalidad.<\/p><p class=\"parrafo\" spellcheck=\"false\" data-lt-tmp-id=\"lt-795661\" data-gramm=\"false\">En tanto, en materia de precios, la convergencia de la inflaci\u00f3n al rango meta del BR entre 2% y 4% en 2025 se ha visto limitada, en gran medida, por la din\u00e1mica de la canasta de servicios al excluir el componente de arriendos. En particular, el aumento en los costos laborales derivados de: 1) altos ajustes del SMLV; 2) la reducci\u00f3n de la jornada laboral; y 3) la entrada en vigor de la reforma laboral, han llevado a que la inflaci\u00f3n de los servicios intensivos en mano de obra (i.e. servicios de comida fuera del hogar, peluquer\u00eda, guarder\u00eda, recreaci\u00f3n, cultura, dom\u00e9sticos, administraci\u00f3n de copropiedad, entre otros) frenen su tendencia bajista en 2025 (Gr\u00e1fico 3). En general, los mayores costos laborales estar\u00edan presionando al alza la inflaci\u00f3n de servicios.<\/p><p class=\"parrafo\" spellcheck=\"false\" data-lt-tmp-id=\"lt-795661\" data-gramm=\"false\">Es as\u00ed como, para IE, la definici\u00f3n del SMLV ser\u00e1 el principal catalizador para la inflaci\u00f3n y sus expectativas en 2026, un a\u00f1o caracterizado por las elecciones. Esto, ya que, seg\u00fan proyecciones de IE, mientras los rubros de alimentos, bienes y regulados cuentan con una alta probabilidad de ingresar al rango meta del BR en 2026 (Gr\u00e1fico 4), el de servicios depender\u00e1 del SMLV. En efecto, la inflaci\u00f3n de bienes, alimentos y regulados se beneficiar\u00eda de una potencial baja tasa de cambio local. Con un d\u00f3lar d\u00e9bil a nivel internacional por la fase de recortes de tasa de la Reserva Federal (Fed) y una menor prima de riesgo pa\u00eds si el resultado electoral deriva en un gobierno con pr\u00e1cticas fiscales e institucionales responsables, la tasa de cambio se apreciar\u00eda.<\/p><p class=\"parrafo\" spellcheck=\"false\" data-lt-tmp-id=\"lt-795661\" data-gramm=\"false\">En alimentos, la baja tasa de cambio reducir\u00eda los costos de los fertilizantes, resultando en una posible menor inflaci\u00f3n, no solo por menores costos sino por la potencial mayor oferta agr\u00edcola nacional a ra\u00edz de los desincentivos a exportar alimentos que genera la menor tasa de cambio. De hecho, el buen comportamiento del clima tambi\u00e9n servir\u00eda de soporte. Con esto, se espera que la inflaci\u00f3n de alimentos se ubique en 3.1% a finales de 2026. En bienes, si bien la menor tasa de cambio reducir\u00eda el costo de los art\u00edculos importados, la mayor demanda interna limitar\u00eda parcialmente lo anterior. Como resultado, la inflaci\u00f3n de bienes extender\u00eda su tendencia ligeramente alcista hasta finalizar en 3.0% el siguiente a\u00f1o. En regulados, la menor tasa de cambio soportar\u00eda bajas inflaciones de las tarifas de gas, electricidad e incluso gasolina, dado el menor precio de ingreso al productor. Aqu\u00ed se anticipa una inflaci\u00f3n de regulados de 3.5% al finalizar 2026. Como se evidencia, en todos los rubros a excepci\u00f3n de servicios, hay una alta probabilidad de que la inflaci\u00f3n converja al rango meta del BR.<\/p><p class=\"parrafo\" spellcheck=\"false\" data-lt-tmp-id=\"lt-795661\" data-gramm=\"false\">As\u00ed, para IE, que la inflaci\u00f3n entre al rango meta del BR queda sujeto en gran medida a las decisiones del Gobierno. Por un lado, c\u00e1lculos de IE muestran que, si el aumento del SMLV para 2026 es +9.5% (igual que en 2025), la inflaci\u00f3n finalizar\u00eda en 4.1%. Por el contrario, si el ajuste es de +12.4%, la inflaci\u00f3n finalizar\u00eda en 4.7%, arriba de la meta del BR. Ahora, a esto hay que adicionarle los impactos inflacionarios de la posible aprobaci\u00f3n de la reforma tributaria. De aprobarse y el Gobierno aumentar el SMLV en +12.4%, la inflaci\u00f3n finalizar\u00eda 2026 arriba del 5% por sexto a\u00f1o consecutivo. Por lo tanto, la senda de inflaci\u00f3n y por ende de tasa de inter\u00e9s del BR queda, en su mayor\u00eda, sujeta a las decisiones del Gobierno en su \u00faltimo a\u00f1o de mandato.<\/p><\/div><\/div><\/div><p class=\"p1\"><strong>Fuente: <a href=\"https:\/\/www.elespectador.com\/\" target=\"_blank\" rel=\"noopener\">El Espectador<\/a><\/strong><\/p><\/div><\/div><\/div><\/div><\/div><\/div><\/div><\/div><\/div><\/div><\/div><\/div><\/div><\/div><\/div><\/div><\/div><\/div><\/div><\/section><\/div><\/div><\/div><\/div><\/div><\/div><\/div><\/div><\/div><\/div><\/div><\/div><\/div><\/div><\/header><\/div><\/div><\/div><\/div><\/div><\/div><\/div><\/div><\/div><\/div><\/div><\/div><\/div>\t\t\t\t\t\t\t\t<\/div>\n\t\t\t\t\t<\/div>\n\t\t\t\t<\/div>\n\t\t\t\t<\/div>","protected":false},"excerpt":{"rendered":"<p>Seg\u00fan un informe del Banco de Bogot\u00e1, existe &#8216;una alta probabilidad de un aumento desbordado, consistente con un ajuste de +12,4%, o m\u00e1s de 7% real&#8217;. Desde julio, miembros del Gobierno, incluido el presidente G. Petro, han dejado claro que el ajuste del salario m\u00ednimo (SMLV) para 2026 volver\u00e1 a ser alto. Seg\u00fan el ministro [&hellip;]<\/p>","protected":false},"author":5,"featured_media":34215,"comment_status":"open","ping_status":"open","sticky":false,"template":"","format":"standard","meta":{"_joinchat":[],"footnotes":""},"categories":[27,36,29],"tags":[],"class_list":["post-34213","post","type-post","status-publish","format-standard","has-post-thumbnail","hentry","category-noticias-acl","category-contabilidad","category-tributario"],"_links":{"self":[{"href":"https:\/\/aclco.co\/en\/wp-json\/wp\/v2\/posts\/34213","targetHints":{"allow":["GET"]}}],"collection":[{"href":"https:\/\/aclco.co\/en\/wp-json\/wp\/v2\/posts"}],"about":[{"href":"https:\/\/aclco.co\/en\/wp-json\/wp\/v2\/types\/post"}],"author":[{"embeddable":true,"href":"https:\/\/aclco.co\/en\/wp-json\/wp\/v2\/users\/5"}],"replies":[{"embeddable":true,"href":"https:\/\/aclco.co\/en\/wp-json\/wp\/v2\/comments?post=34213"}],"version-history":[{"count":4,"href":"https:\/\/aclco.co\/en\/wp-json\/wp\/v2\/posts\/34213\/revisions"}],"predecessor-version":[{"id":34220,"href":"https:\/\/aclco.co\/en\/wp-json\/wp\/v2\/posts\/34213\/revisions\/34220"}],"wp:featuredmedia":[{"embeddable":true,"href":"https:\/\/aclco.co\/en\/wp-json\/wp\/v2\/media\/34215"}],"wp:attachment":[{"href":"https:\/\/aclco.co\/en\/wp-json\/wp\/v2\/media?parent=34213"}],"wp:term":[{"taxonomy":"category","embeddable":true,"href":"https:\/\/aclco.co\/en\/wp-json\/wp\/v2\/categories?post=34213"},{"taxonomy":"post_tag","embeddable":true,"href":"https:\/\/aclco.co\/en\/wp-json\/wp\/v2\/tags?post=34213"}],"curies":[{"name":"wp","href":"https:\/\/api.w.org\/{rel}","templated":true}]}}