{"id":34222,"date":"2025-09-26T07:00:00","date_gmt":"2025-09-26T12:00:00","guid":{"rendered":"https:\/\/aclco.co\/?p=34222"},"modified":"2025-09-25T17:36:42","modified_gmt":"2025-09-25T22:36:42","slug":"reforma-tributaria-como-se-podrian-recortar-los-10","status":"publish","type":"post","link":"https:\/\/aclco.co\/en\/reforma-tributaria-como-se-podrian-recortar-los-10\/","title":{"rendered":"Reforma tributaria: \u00bfC\u00f3mo se podr\u00edan recortar los $10 billones que ya no van?"},"content":{"rendered":"<div data-elementor-type=\"wp-post\" data-elementor-id=\"34222\" class=\"elementor elementor-34222\" data-elementor-post-type=\"post\">\n\t\t\t\t<div class=\"elementor-element elementor-element-4fb1ef3 e-flex e-con-boxed e-con e-parent\" data-id=\"4fb1ef3\" data-element_type=\"container\" data-e-type=\"container\">\n\t\t\t\t\t<div class=\"e-con-inner\">\n\t\t\t\t<div class=\"elementor-element elementor-element-e2d721e elementor-widget elementor-widget-text-editor\" data-id=\"e2d721e\" data-element_type=\"widget\" data-e-type=\"widget\" data-widget_type=\"text-editor.default\">\n\t\t\t\t\t\t\t\t\t<div class=\"article-top container_col\"><div id=\"p619554-m392-4-393\" class=\"highlighted\"><div class=\"article-top container_col\"><div class=\"article-top container_col\"><div class=\"article-top container_col\"><div class=\"article-top container_col\"><div class=\"article-top container_col\"><div class=\"article-top container_col\"><div class=\"article-top container_col\"><div class=\"article-top container_col\"><div class=\"article-top container_col\"><div class=\"article-top container_col\"><div class=\"article-top container_col\"><header><div class=\"article-top container_col\"><div class=\"article-top container_col\"><div class=\"article-top container_col\"><div class=\"article-top container_col\"><div class=\"article-top container_col\"><div class=\"article-top container_col\"><div class=\"paragraph\"><div class=\"article-top container_col\"><div class=\"article-top container_col\"><div class=\"article-top container_col\"><div class=\"article-top container_col\"><div class=\"article-top container_col\"><div class=\"article-top container_col\"><div class=\"article-top container_col\"><section class=\"block-mas-noticias\"><div class=\"mas-noticias-header\"><div class=\"article-top container_col\"><div class=\"article-top container_col\"><div id=\"articulocontenido\" class=\"article-content\"><div class=\"article-top container_col\"><div class=\"article-top container_col\"><div class=\"article-top container_col\"><div class=\"article-top container_col\"><div class=\"article-top container_col\"><div id=\"articulocontenido\" class=\"article-content\"><div class=\"article-top container_col\"><div class=\"article-top container_col\"><div class=\"article-top container_col\"><div class=\"article-top container_col\"><div class=\"article-top container_col\"><div class=\"article-top container_col\"><div class=\"article-top container_col\"><div class=\"article-top container_col\"><div class=\"article-top container_col\"><div class=\"article-top container_col\"><div class=\"article-top container_col\"><div id=\"articulocontenido\" class=\"article-content\"><div class=\"article-top container_col\"><h5 id=\"p640720-m524-1-525\" class=\"epigraph regular_lead1\"><strong>La reciente aprobaci\u00f3n del Presupuesto Nacional puso al Ministerio de Hacienda a recalcular las cuentas de gasto.<\/strong><\/h5><p id=\"p640720-m486-485-487\" class=\"parrafo first-parrafo\">El Congreso de la Rep\u00fablica ya tom\u00f3 la primera decisi\u00f3n clave sobre las finanzas p\u00fablicas del pr\u00f3ximo a\u00f1o, luego de que esta semana, en sesi\u00f3n conjunta de las comisiones econ\u00f3micas, se aprobara en primer debate el Presupuesto General de la Naci\u00f3n (PGN) para 2026, pero con un ajuste de fondo en el que el monto qued\u00f3 en $546 billones,\u00a0es decir, $10 billones menos de lo que hab\u00eda solicitado inicialmente el Gobierno.<\/p><p>Con este recorte, no solo se redefine el techo de gasto, sino que tambi\u00e9n se obliga al <a href=\"https:\/\/aclco.co\/en\/ministerio-de-hacienda-preve-que-el-salario-minimo-para\/\">Ministerio de Hacienda<\/a> a recalibrar la reforma tributaria en curso y por eso, el proyecto original que buscaba recaudar $26,3 billones, ahora el faltante se reduce a $16,3 billones. En otras palabras, la tributaria deber\u00e1 ser m\u00e1s peque\u00f1a, aunque todav\u00eda necesaria para cerrar la brecha entre ingresos y gastos.<\/p><div id=\"p640720-m560-5-561\" class=\"highlighted\"><h5 id=\"m565-564-566\" class=\"tiemposBold3\"><strong>Un cambio a corto plazo<\/strong><\/h5><\/div><p id=\"p640720-m572-6-573\" class=\"parrafo\">Para Mauricio Salazar, director del Observatorio Fiscal de la Universidad Javeriana, el ajuste cambia parcialmente el panorama, pero no resuelve el problema estructural ya que, \u201clo que tenemos hoy es apenas un primer debate aprobado. Todav\u00eda faltan tres debates m\u00e1s y solo hasta el 20 de octubre sabremos si ese recorte de 10 billones se mantiene. Mientras tanto, el Ministerio de Hacienda ya tiene que empezar a pensar en un nuevo texto para la ley de financiamiento\u201d.<\/p><p id=\"p640720-m578-7-579\" class=\"parrafo\">Salazar advierte que este tipo de ajustes son un alivio en el papel, pero dependen de lo que ocurra en el Congreso en las pr\u00f3ximas semanas y dej\u00f3 claro que si no se logra aprobar en todos los debates, el Gobierno tiene la opci\u00f3n de sacar adelante el presupuesto por decreto, con el monto inicial de $557 billones, agregando que \u201cen ese escenario, la tributaria tendr\u00eda que volver a ser de $26,3 billones, porque el hueco fiscal ser\u00eda mayor\u201d.<\/p><div id=\"p640720-m610-9-611\" class=\"highlighted\"><h5 id=\"m615-614-616\" class=\"tiemposBold3\"><strong>Los posibles recortes<\/strong><\/h5><\/div><p id=\"p640720-m622-10-623\" class=\"parrafo\">M\u00e1s all\u00e1 de los tiempos pol\u00edticos, el gran interrogante es de d\u00f3nde se recortar\u00e1n\u00a0los recursos de la reforma tributaria. Seg\u00fan el Observatorio Fiscal, ya hay se\u00f1ales claras de hacia d\u00f3nde podr\u00edan dirigirse los ajustes.<\/p><p>De un lado, el Gobierno ha hablado de limitar el alcance de los impuestos a hidrocarburos, licores y tabaco; dos sectores con fuerte impacto pol\u00edtico y econ\u00f3mico, pero que hab\u00edan sido identificados como fuentes principales de ingresos.<\/p><p>Por otra parte, Salazar pone la lupa sobre el impuesto al consumo, incluido en la propuesta inicial. Seg\u00fan el acad\u00e9mico, este gravamen presentaba un error t\u00e9cnico de origen, se\u00f1alando que \u201cse us\u00f3 un instrumento que era para ingresos\u00a0de la Naci\u00f3n para modificar ingresos territoriales. Eso no aguantar\u00eda un an\u00e1lisis de constitucionalidad\u201d.<\/p><p>De confirmarse esta lectura, el impuesto al consumo tendr\u00eda que salir del texto final de la reforma, reduciendo autom\u00e1ticamente la capacidad de recaudo.<\/p><p>El director del Observatorio Fiscal tambi\u00e9n recalc\u00f3 que el escenario todav\u00eda es incierto, dado que la tributaria, ya recortada en teor\u00eda a $16,9 billones, a\u00fan no tiene un dise\u00f1o definitivo. Y si el Congreso no aprueba el recorte al PGN en los tres debates restantes, el Gobierno tendr\u00eda que volver al plan original, con una tributaria de mayor tama\u00f1o.<\/p><p id=\"p640720-m678-16-679\" class=\"parrafo\">\u201cEstamos en manos de lo que ocurra de aqu\u00ed al 20 de octubre\u201d, insisti\u00f3 Salazar, para quien \u201cese d\u00eda sabremos si el ajuste de $10 billones se consolida o si volvemos a un presupuesto mayor que obligar\u00eda a un esfuerzo tributario adicional\u201d.<\/p><div id=\"p640720-m684-17-685\" class=\"highlighted\"><h5 id=\"m689-688-690\" class=\"tiemposBold3\">Una discusi\u00f3n pol\u00edtica y t\u00e9cnica<\/h5><\/div><p id=\"p640720-m696-18-697\" class=\"parrafo\">De esta forma, la discusi\u00f3n sobre el Presupuesto y la reforma tributaria no se limita a las cifras; sino que refleja la tensi\u00f3n entre lo pol\u00edtico y lo t\u00e9cnico en la definici\u00f3n de las finanzas p\u00fablicas. Mientras el Gobierno busca mantener su plan de gasto social y de inversi\u00f3n,\u00a0el Congreso presiona por reducir los montos y cuestiona la capacidad real de recaudo.<\/p><p>En ese cruce de intereses, los analistas advierten que cualquier decisi\u00f3n tiene consecuencias de largo plazo y que una reforma tributaria reducida puede ser pol\u00edticamente m\u00e1s viable, pero podr\u00eda dejar insuficientes recursos para cubrir todas las obligaciones; mientras que una m\u00e1s ambiciosa podr\u00eda chocar con la resistencia de los sectores econ\u00f3micos y de las mayor\u00edas legislativas.<\/p><\/div><\/div><\/div><\/div><p class=\"p1\"><strong>Fuente: <a href=\"https:\/\/www.portafolio.co\/\" target=\"_blank\" rel=\"noopener\">Portafolio<\/a><\/strong><\/p><\/div><\/div><\/div><\/div><\/div><\/div><\/div><\/div><\/div><\/div><\/div><\/div><\/div><\/div><\/div><\/div><\/div><\/div><\/div><\/section><\/div><\/div><\/div><\/div><\/div><\/div><\/div><\/div><\/div><\/div><\/div><\/div><\/div><\/div><\/header><\/div><\/div><\/div><\/div><\/div><\/div><\/div><\/div><\/div><\/div><\/div><\/div><\/div>\t\t\t\t\t\t\t\t<\/div>\n\t\t\t\t\t<\/div>\n\t\t\t\t<\/div>\n\t\t\t\t<\/div>","protected":false},"excerpt":{"rendered":"<p>La reciente aprobaci\u00f3n del Presupuesto Nacional puso al Ministerio de Hacienda a recalcular las cuentas de gasto. El Congreso de la Rep\u00fablica ya tom\u00f3 la primera decisi\u00f3n clave sobre las finanzas p\u00fablicas del pr\u00f3ximo a\u00f1o, luego de que esta semana, en sesi\u00f3n conjunta de las comisiones econ\u00f3micas, se aprobara en primer debate el Presupuesto General [&hellip;]<\/p>","protected":false},"author":5,"featured_media":34230,"comment_status":"open","ping_status":"open","sticky":false,"template":"","format":"standard","meta":{"_joinchat":[],"footnotes":""},"categories":[27,36,29],"tags":[],"class_list":["post-34222","post","type-post","status-publish","format-standard","has-post-thumbnail","hentry","category-noticias-acl","category-contabilidad","category-tributario"],"_links":{"self":[{"href":"https:\/\/aclco.co\/en\/wp-json\/wp\/v2\/posts\/34222","targetHints":{"allow":["GET"]}}],"collection":[{"href":"https:\/\/aclco.co\/en\/wp-json\/wp\/v2\/posts"}],"about":[{"href":"https:\/\/aclco.co\/en\/wp-json\/wp\/v2\/types\/post"}],"author":[{"embeddable":true,"href":"https:\/\/aclco.co\/en\/wp-json\/wp\/v2\/users\/5"}],"replies":[{"embeddable":true,"href":"https:\/\/aclco.co\/en\/wp-json\/wp\/v2\/comments?post=34222"}],"version-history":[{"count":4,"href":"https:\/\/aclco.co\/en\/wp-json\/wp\/v2\/posts\/34222\/revisions"}],"predecessor-version":[{"id":34228,"href":"https:\/\/aclco.co\/en\/wp-json\/wp\/v2\/posts\/34222\/revisions\/34228"}],"wp:featuredmedia":[{"embeddable":true,"href":"https:\/\/aclco.co\/en\/wp-json\/wp\/v2\/media\/34230"}],"wp:attachment":[{"href":"https:\/\/aclco.co\/en\/wp-json\/wp\/v2\/media?parent=34222"}],"wp:term":[{"taxonomy":"category","embeddable":true,"href":"https:\/\/aclco.co\/en\/wp-json\/wp\/v2\/categories?post=34222"},{"taxonomy":"post_tag","embeddable":true,"href":"https:\/\/aclco.co\/en\/wp-json\/wp\/v2\/tags?post=34222"}],"curies":[{"name":"wp","href":"https:\/\/api.w.org\/{rel}","templated":true}]}}