{"id":34245,"date":"2025-10-06T13:59:26","date_gmt":"2025-10-06T18:59:26","guid":{"rendered":"https:\/\/aclco.co\/?p=34245"},"modified":"2025-10-06T14:08:57","modified_gmt":"2025-10-06T19:08:57","slug":"deficit-fiscal-en-76-del-pib-complica-el-marco-fiscal","status":"publish","type":"post","link":"https:\/\/aclco.co\/en\/deficit-fiscal-en-76-del-pib-complica-el-marco-fiscal\/","title":{"rendered":"D\u00e9ficit fiscal en 7,6% del PIB complica el marco fiscal"},"content":{"rendered":"<div data-elementor-type=\"wp-post\" data-elementor-id=\"34245\" class=\"elementor elementor-34245\" data-elementor-post-type=\"post\">\n\t\t\t\t<div class=\"elementor-element elementor-element-4fb1ef3 e-flex e-con-boxed e-con e-parent\" data-id=\"4fb1ef3\" data-element_type=\"container\" data-e-type=\"container\">\n\t\t\t\t\t<div class=\"e-con-inner\">\n\t\t\t\t<div class=\"elementor-element elementor-element-e2d721e elementor-widget elementor-widget-text-editor\" data-id=\"e2d721e\" data-element_type=\"widget\" data-e-type=\"widget\" data-widget_type=\"text-editor.default\">\n\t\t\t\t\t\t\t\t\t<div class=\"article-top container_col\"><div id=\"p619554-m392-4-393\" class=\"highlighted\"><div class=\"article-top container_col\"><div class=\"article-top container_col\"><div class=\"article-top container_col\"><div class=\"article-top container_col\"><div class=\"article-top container_col\"><div class=\"article-top container_col\"><div class=\"article-top container_col\"><div class=\"article-top container_col\"><div class=\"article-top container_col\"><div class=\"article-top container_col\"><div class=\"article-top container_col\"><header><div class=\"article-top container_col\"><div class=\"article-top container_col\"><div class=\"article-top container_col\"><div class=\"article-top container_col\"><div class=\"article-top container_col\"><div class=\"article-top container_col\"><div class=\"paragraph\"><div class=\"article-top container_col\"><div class=\"article-top container_col\"><div class=\"article-top container_col\"><div class=\"article-top container_col\"><div class=\"article-top container_col\"><div class=\"article-top container_col\"><div class=\"article-top container_col\"><section class=\"block-mas-noticias\"><div class=\"mas-noticias-header\"><div class=\"article-top container_col\"><div class=\"article-top container_col\"><div id=\"articulocontenido\" class=\"article-content\"><div class=\"article-top container_col\"><div class=\"article-top container_col\"><div class=\"article-top container_col\"><div class=\"article-top container_col\"><div class=\"article-top container_col\"><div id=\"articulocontenido\" class=\"article-content\"><div class=\"article-top container_col\"><div class=\"article-top container_col\"><div class=\"article-top container_col\"><div class=\"article-top container_col\"><div class=\"article-top container_col\"><div class=\"article-top container_col\"><div class=\"article-top container_col\"><div class=\"article-top container_col\"><div class=\"article-top container_col\"><div class=\"article-top container_col\"><div class=\"article-top container_col\"><div id=\"articulocontenido\" class=\"article-content\"><div class=\"article-top container_col\"><div class=\"article-top container_col\"><h5><strong>Si se revisan las cuentas de la naci\u00f3n, Corficolombiana se\u00f1al\u00f3 que hasta mediados de septiembre los dep\u00f3sitos en el Tesoro Nacional se ubicaron por el orden de $12 billones, el punto m\u00e1s bajo en este periodo en el \u00faltimo quinquenio.<\/strong><\/h5><p>En su m\u00e1s habitual monitor fiscal, Corficolombiana detall\u00f3 las cifras econ\u00f3micas m\u00e1s relevantes del pa\u00eds, alertando que a julio el d\u00e9ficit fiscal\u00a0lleg\u00f3 a 7,6% del Producto Interno Bruto. Este resultado va en consonancia con las proyecciones que hicieron anteriormente.<\/p><p>\u201cEl d\u00e9ficit total se deterior\u00f3 hasta 7,6% del PIB. Con este resultado, hasta julio se confirma nuestro sesgo de un mayor d\u00e9ficit fiscal para este a\u00f1o y se incrementa la probabilidad de incumplimiento de la meta establecida en el Marco Fiscal. (7,1% del PIB)\u201d, se\u00f1al\u00f3 el centro de pensamiento en su habitual monitor fiscal.<\/p><p>Tambi\u00e9n revel\u00f3 que en el acumulado a julio, el d\u00e9ficit total del Gobierno\u00a0se ubic\u00f3 en 4,3% del PIB, el m\u00e1s alto de toda la historia. En una ventana m\u00f3vil de 12 meses.<\/p><p>Otras cifras que agravan la situaci\u00f3n fiscal del pa\u00eds con las de los dep\u00f3sitos del Tesoro Nacional, estas con corte al 19 de septiembre se ubicaron en $12,2 billones, siendo este el punto m\u00e1s bajo para esta misma parte del a\u00f1o de los \u00faltimos cinco a\u00f1os.<\/p><h5>M\u00e1s datos econ\u00f3micos<\/h5><p>Corficolombiana tambi\u00e9n mostr\u00f3 que entre enero y agosto las obligaciones del Presupuesto General de la Naci\u00f3n sin incluir la deuda fueron de\u00a0$213,8 billones, es decir que la ejecuci\u00f3n de obligaciones sobre apropiaciones fue de 51,7%, esto se traduce en 1,1 puntos porcentuales menos que el promedio entre 2000 y 2024.<\/p><p>No obstante, si se compara con lo ejecutado al a\u00f1o anterior,\u00a0hubo un aumento de 3,4 puntos porcentuales, se\u00f1al\u00f3 Corficolombiana.<\/p><p>Sobre la inversi\u00f3n, detall\u00f3 que las obligaciones sumaron $29,6 billones, alcanzando 35,3% del total de las apropiaciones, manteni\u00e9ndose por debajo del promedio 2000-2024,\u00a0pues registr\u00f3 una ca\u00edda de 2,4 puntos porcentuales, pero si se hace la comparaci\u00f3n inmediata con el mismo periodo del a\u00f1o anterior si se muestra un aumento de 5,4 puntos porcentuales.<\/p><p>El centro econ\u00f3mico tambi\u00e9n comparti\u00f3 las cifras de recaudo tributario publicadas anteriormente por la Direcci\u00f3n de Impuestos y Aduanas Nacionales, <a href=\"https:\/\/aclco.co\/en\/acceda-al-25-de-descuento-en-renta-ofrecido-por-la-dian\/\">Dian<\/a>,\u00a0el cual sum\u00f3 $18,7 billones en agosto creciente 16,2% frente al mismo mes de 2024.<\/p><p>\u201cEl recaudo por renta tuvo el mayor aporte sobre el recaudo total,\u00a0aportando 9,6 puntos porcentuales y registrando un crecimiento de 15,3%\u201d, se lee en el informe.<\/p><p>Si se eval\u00faan las cifras en lo corrido del a\u00f1o, se evidencia que tambi\u00e9n hubo un incremento de 10,6% frente al a\u00f1o anterior.\u00a0En lo que va de 2025 (enero a agosto) el recaudo por obligaciones tributarias fue de $197,3 billones.<\/p><p>Pese a que parecen ser buenos n\u00fameros, es una cifra inferior por\u00a0$9 billones respecto a la expectativa que ten\u00eda el Gobierno en el Marco Fiscal de Mediano Plazo.<\/p><\/div><\/div><\/div><\/div><\/div><p class=\"p1\"><strong>Fuente: <a href=\"https:\/\/www.larepublica.co\/\" target=\"_blank\" rel=\"noopener\">La Rep\u00fablica<\/a><\/strong><\/p><\/div><\/div><\/div><\/div><\/div><\/div><\/div><\/div><\/div><\/div><\/div><\/div><\/div><\/div><\/div><\/div><\/div><\/div><\/div><\/section><\/div><\/div><\/div><\/div><\/div><\/div><\/div><\/div><\/div><\/div><\/div><\/div><\/div><\/div><\/header><\/div><\/div><\/div><\/div><\/div><\/div><\/div><\/div><\/div><\/div><\/div><\/div><\/div>\t\t\t\t\t\t\t\t<\/div>\n\t\t\t\t\t<\/div>\n\t\t\t\t<\/div>\n\t\t\t\t<\/div>","protected":false},"excerpt":{"rendered":"<p>Si se revisan las cuentas de la naci\u00f3n, Corficolombiana se\u00f1al\u00f3 que hasta mediados de septiembre los dep\u00f3sitos en el Tesoro Nacional se ubicaron por el orden de $12 billones, el punto m\u00e1s bajo en este periodo en el \u00faltimo quinquenio. En su m\u00e1s habitual monitor fiscal, Corficolombiana detall\u00f3 las cifras econ\u00f3micas m\u00e1s relevantes del pa\u00eds, [&hellip;]<\/p>","protected":false},"author":5,"featured_media":34246,"comment_status":"open","ping_status":"open","sticky":false,"template":"","format":"standard","meta":{"_joinchat":[],"footnotes":""},"categories":[27,36,29],"tags":[],"class_list":["post-34245","post","type-post","status-publish","format-standard","has-post-thumbnail","hentry","category-noticias-acl","category-contabilidad","category-tributario"],"_links":{"self":[{"href":"https:\/\/aclco.co\/en\/wp-json\/wp\/v2\/posts\/34245","targetHints":{"allow":["GET"]}}],"collection":[{"href":"https:\/\/aclco.co\/en\/wp-json\/wp\/v2\/posts"}],"about":[{"href":"https:\/\/aclco.co\/en\/wp-json\/wp\/v2\/types\/post"}],"author":[{"embeddable":true,"href":"https:\/\/aclco.co\/en\/wp-json\/wp\/v2\/users\/5"}],"replies":[{"embeddable":true,"href":"https:\/\/aclco.co\/en\/wp-json\/wp\/v2\/comments?post=34245"}],"version-history":[{"count":4,"href":"https:\/\/aclco.co\/en\/wp-json\/wp\/v2\/posts\/34245\/revisions"}],"predecessor-version":[{"id":34251,"href":"https:\/\/aclco.co\/en\/wp-json\/wp\/v2\/posts\/34245\/revisions\/34251"}],"wp:featuredmedia":[{"embeddable":true,"href":"https:\/\/aclco.co\/en\/wp-json\/wp\/v2\/media\/34246"}],"wp:attachment":[{"href":"https:\/\/aclco.co\/en\/wp-json\/wp\/v2\/media?parent=34245"}],"wp:term":[{"taxonomy":"category","embeddable":true,"href":"https:\/\/aclco.co\/en\/wp-json\/wp\/v2\/categories?post=34245"},{"taxonomy":"post_tag","embeddable":true,"href":"https:\/\/aclco.co\/en\/wp-json\/wp\/v2\/tags?post=34245"}],"curies":[{"name":"wp","href":"https:\/\/api.w.org\/{rel}","templated":true}]}}