{"id":34252,"date":"2025-10-10T10:06:31","date_gmt":"2025-10-10T15:06:31","guid":{"rendered":"https:\/\/aclco.co\/?p=34252"},"modified":"2025-10-10T10:13:04","modified_gmt":"2025-10-10T15:13:04","slug":"colombia-entra-al-podio-regional-en-ecosistemas","status":"publish","type":"post","link":"https:\/\/aclco.co\/en\/colombia-entra-al-podio-regional-en-ecosistemas\/","title":{"rendered":"Colombia entra al podio regional en ecosistemas tributarios digitales"},"content":{"rendered":"<div data-elementor-type=\"wp-post\" data-elementor-id=\"34252\" class=\"elementor elementor-34252\" data-elementor-post-type=\"post\">\n\t\t\t\t<div class=\"elementor-element elementor-element-4fb1ef3 e-flex e-con-boxed e-con e-parent\" data-id=\"4fb1ef3\" data-element_type=\"container\" data-e-type=\"container\">\n\t\t\t\t\t<div class=\"e-con-inner\">\n\t\t\t\t<div class=\"elementor-element elementor-element-e2d721e elementor-widget elementor-widget-text-editor\" data-id=\"e2d721e\" data-element_type=\"widget\" data-e-type=\"widget\" data-widget_type=\"text-editor.default\">\n\t\t\t\t\t\t\t\t\t<div class=\"article-top container_col\"><div id=\"p619554-m392-4-393\" class=\"highlighted\"><div class=\"article-top container_col\"><div class=\"article-top container_col\"><div class=\"article-top container_col\"><div class=\"article-top container_col\"><div class=\"article-top container_col\"><div class=\"article-top container_col\"><div class=\"article-top container_col\"><div class=\"article-top container_col\"><div class=\"article-top container_col\"><div class=\"article-top container_col\"><div class=\"article-top container_col\"><header><div class=\"article-top container_col\"><div class=\"article-top container_col\"><div class=\"article-top container_col\"><div class=\"article-top container_col\"><div class=\"article-top container_col\"><div class=\"article-top container_col\"><div class=\"paragraph\"><div class=\"article-top container_col\"><div class=\"article-top container_col\"><div class=\"article-top container_col\"><div class=\"article-top container_col\"><div class=\"article-top container_col\"><div class=\"article-top container_col\"><div class=\"article-top container_col\"><section class=\"block-mas-noticias\"><div class=\"mas-noticias-header\"><div class=\"article-top container_col\"><div class=\"article-top container_col\"><div id=\"articulocontenido\" class=\"article-content\"><div class=\"article-top container_col\"><div class=\"article-top container_col\"><div class=\"article-top container_col\"><div class=\"article-top container_col\"><div class=\"article-top container_col\"><div id=\"articulocontenido\" class=\"article-content\"><div class=\"article-top container_col\"><div class=\"article-top container_col\"><div class=\"article-top container_col\"><div class=\"article-top container_col\"><div class=\"article-top container_col\"><div class=\"article-top container_col\"><div class=\"article-top container_col\"><div class=\"article-top container_col\"><div class=\"article-top container_col\"><div class=\"article-top container_col\"><div class=\"article-top container_col\"><div id=\"articulocontenido\" class=\"article-content\"><div class=\"article-top container_col\"><div class=\"article-top container_col\"><div class=\"article-top container_col\"><h5 id=\"p640712-m497-1-498\" class=\"epigraph regular_lead1\"><strong>La facturaci\u00f3n electr\u00f3nica fue importante en el impulso a la formalizaci\u00f3n y el acceso a financiamiento empresarial.<\/strong><\/h5><p id=\"p640712-m459-458-460\" class=\"parrafo first-parrafo\">Am\u00e9rica Latina se ha convertido en una de las regiones pioneras en digitalizaci\u00f3n tributaria a nivel global, y Colombia ya tiene un lugar asegurado en el podio regional. Seg\u00fan la publicaci\u00f3n Global Tax Weekly (2025), el pa\u00eds ocupa el tercer puesto en el desarrollo de ecosistemas tributarios digitales, un salto notable si se recuerda\u00a0que apenas en 2016 empezaron los primeros pilotos de factura electr\u00f3nica en el territorio nacional.<\/p><p id=\"p640712-m521-3-522\" class=\"parrafo\">De acuerdo con este reporte, la transformaci\u00f3n ha sido r\u00e1pida y de alto impacto y destaca que desde 2020, cuando la <a href=\"https:\/\/aclco.co\/en\/acceda-al-25-de-descuento-en-renta-ofrecido-por-la-dian\/\">Direcci\u00f3n de Impuestos y Aduanas Nacionales (Dian)<\/a> hizo obligatoria la facturaci\u00f3n electr\u00f3nica, el pa\u00eds ha visto c\u00f3mo esta herramienta pas\u00f3 de ser un simple mecanismo de control fiscal a convertirse en un engranaje clave para la transparencia, la formalizaci\u00f3n y hasta el acceso al cr\u00e9dito.<\/p><p>\u201cEl tercer lugar de Colombia es un reconocimiento al esfuerzo conjunto del sector p\u00fablico y privado\u201d, asegura \u00d3scar Mauricio Moreno, CEO y\u00a0cofundador de F&amp;M_eBILL, una de las compa\u00f1\u00edas tecnol\u00f3gicas que han acompa\u00f1ado el proceso.<\/p><p id=\"p640712-m533-5-534\" class=\"parrafo\">Para el empresario, la factura electr\u00f3nica no solo garantiza cumplimiento normativo, sino que genera valor y liquidez para miles de negocios y agrega que \u201cla tecnolog\u00eda colombiana est\u00e1 lista para competir en escenarios globales\u201d.<\/p><p>En su experticia, ese cruce de voluntades ha sido determinante, ya que mientras la Dian ajustaba\u00a0la normatividad con hitos como la Resoluci\u00f3n 165 de 2023, que elimin\u00f3 el uso de facturas en papel desde 2024, el sector privado desarrollaba soluciones que hac\u00edan m\u00e1s sencillo y rentable el tr\u00e1nsito a lo digital.<\/p><p id=\"p640712-m565-7-566\" class=\"parrafo\">\u201cEl resultado es un ecosistema s\u00f3lido, capaz de procesar 31 millones de documentos electr\u00f3nicos al d\u00eda, con 1,4 millones de emisores habilitados en todo el pa\u00eds\u201d, dijo Moreno.<\/p><div id=\"p640712-m577-9-578\" class=\"highlighted\"><h5 id=\"m582-581-583\" class=\"tiemposBold3\"><strong>Un avance de varios frentes<\/strong><\/h5><p>Uno de los aspectos que diferencian a Colombia frente a otros pa\u00edses de la regi\u00f3n es el desarrollo de una \u201csegunda capa\u201d en el sistema de facturaci\u00f3n electr\u00f3nica por cuenta del Registro de Facturas Electr\u00f3nicas \u2013 RADIAN.<\/p><p id=\"p640712-m589-10-590\" class=\"parrafo\">Desde eBILL explicaron que este mecanismo permite que la factura no solo sea un comprobante de pago,\u00a0sino que se convierta en un activo financiero que puede circular de manera segura.<\/p><p id=\"p640712-m621-12-622\" class=\"parrafo\">\u201cRADIAN es una segunda capa del sistema de facturaci\u00f3n electr\u00f3nica, gracias al cual la factura se convierte en un t\u00edtulo valor que otorga liquidez, especialmente a micro, peque\u00f1as y medianas empresas\u201d, explica Juliana Carmona, presidenta ejecutiva de la Asociaci\u00f3n Colombiana de Factoring Electr\u00f3nico.<\/p><p class=\"parrafo\">Los n\u00fameros muestran su alcance, ya que entre 2021 y abril de 2025 se endosaron 4,4 millones de facturas electr\u00f3nicas por un valor de $95,9 billones, lo que consolida este instrumento como pieza clave para dinamizar el financiamiento empresarial. Solo en 2024 se registraron 1,8 millones de transferencias de propiedad, evidencia de que la herramienta ya est\u00e1 madura.<\/p><div id=\"p640712-m633-14-634\" class=\"highlighted\"><h5 id=\"m638-637-639\" class=\"tiemposBold3\"><strong>Un modelo regional<\/strong><\/h5><\/div><p id=\"p640712-m645-15-646\" class=\"parrafo\">La factura electr\u00f3nica se ha convertido en el coraz\u00f3n de la modernizaci\u00f3n tributaria latinoamericana y si bien pa\u00edses como Chile, Brasil y M\u00e9xico fueron pioneros, hoy Colombia se suma con un modelo robusto que ha captado la atenci\u00f3n de organismos internacionales como la CEPAL, el BID y el CIAT.<\/p><p class=\"parrafo\">En algunos casos, la adopci\u00f3n de la factura electr\u00f3nica ha aumentado la recaudaci\u00f3n en hasta 3% del PIB, adem\u00e1s de reducir costos administrativos para las empresas. En Colombia, el impacto se ve tambi\u00e9n en la formalizaci\u00f3n, dado que al digitalizar sus procesos, las compa\u00f1\u00edas no solo cumplen con el fisco, sino que tambi\u00e9n acceden m\u00e1s f\u00e1cilmente a servicios financieros, lo que fortalece su competitividad.<\/p><p>En palabras de Moreno, de F&amp;M_eBILL, \u201chemos demostrado que la tecnolog\u00eda colombiana no se queda en cumplir con un mandato, sino que puede transformar la manera en que las empresas gestionan su liquidez y compiten en el mercado\u201d.<\/p><\/div><\/div><\/div><\/div><\/div><\/div><\/div><p class=\"p1\"><strong>Fuente: <a href=\"https:\/\/www.portafolio.co\/\" target=\"_blank\" rel=\"noopener\">Portafolio<\/a><\/strong><\/p><\/div><\/div><\/div><\/div><\/div><\/div><\/div><\/div><\/div><\/div><\/div><\/div><\/div><\/div><\/div><\/div><\/div><\/div><\/div><\/section><\/div><\/div><\/div><\/div><\/div><\/div><\/div><\/div><\/div><\/div><\/div><\/div><\/div><\/div><\/header><\/div><\/div><\/div><\/div><\/div><\/div><\/div><\/div><\/div><\/div><\/div><\/div><\/div>\t\t\t\t\t\t\t\t<\/div>\n\t\t\t\t\t<\/div>\n\t\t\t\t<\/div>\n\t\t\t\t<\/div>","protected":false},"excerpt":{"rendered":"<p>La facturaci\u00f3n electr\u00f3nica fue importante en el impulso a la formalizaci\u00f3n y el acceso a financiamiento empresarial. Am\u00e9rica Latina se ha convertido en una de las regiones pioneras en digitalizaci\u00f3n tributaria a nivel global, y Colombia ya tiene un lugar asegurado en el podio regional. Seg\u00fan la publicaci\u00f3n Global Tax Weekly (2025), el pa\u00eds ocupa [&hellip;]<\/p>","protected":false},"author":5,"featured_media":34254,"comment_status":"open","ping_status":"open","sticky":false,"template":"","format":"standard","meta":{"_joinchat":[],"footnotes":""},"categories":[27,36,29],"tags":[],"class_list":["post-34252","post","type-post","status-publish","format-standard","has-post-thumbnail","hentry","category-noticias-acl","category-contabilidad","category-tributario"],"_links":{"self":[{"href":"https:\/\/aclco.co\/en\/wp-json\/wp\/v2\/posts\/34252","targetHints":{"allow":["GET"]}}],"collection":[{"href":"https:\/\/aclco.co\/en\/wp-json\/wp\/v2\/posts"}],"about":[{"href":"https:\/\/aclco.co\/en\/wp-json\/wp\/v2\/types\/post"}],"author":[{"embeddable":true,"href":"https:\/\/aclco.co\/en\/wp-json\/wp\/v2\/users\/5"}],"replies":[{"embeddable":true,"href":"https:\/\/aclco.co\/en\/wp-json\/wp\/v2\/comments?post=34252"}],"version-history":[{"count":5,"href":"https:\/\/aclco.co\/en\/wp-json\/wp\/v2\/posts\/34252\/revisions"}],"predecessor-version":[{"id":34259,"href":"https:\/\/aclco.co\/en\/wp-json\/wp\/v2\/posts\/34252\/revisions\/34259"}],"wp:featuredmedia":[{"embeddable":true,"href":"https:\/\/aclco.co\/en\/wp-json\/wp\/v2\/media\/34254"}],"wp:attachment":[{"href":"https:\/\/aclco.co\/en\/wp-json\/wp\/v2\/media?parent=34252"}],"wp:term":[{"taxonomy":"category","embeddable":true,"href":"https:\/\/aclco.co\/en\/wp-json\/wp\/v2\/categories?post=34252"},{"taxonomy":"post_tag","embeddable":true,"href":"https:\/\/aclco.co\/en\/wp-json\/wp\/v2\/tags?post=34252"}],"curies":[{"name":"wp","href":"https:\/\/api.w.org\/{rel}","templated":true}]}}