{"id":34264,"date":"2025-10-17T10:44:00","date_gmt":"2025-10-17T15:44:00","guid":{"rendered":"https:\/\/aclco.co\/?p=34264"},"modified":"2025-10-17T10:52:24","modified_gmt":"2025-10-17T15:52:24","slug":"los-3-puntos-que-definen-el-aumento-del-salario-minimo","status":"publish","type":"post","link":"https:\/\/aclco.co\/en\/los-3-puntos-que-definen-el-aumento-del-salario-minimo\/","title":{"rendered":"Los 3 puntos que definen el aumento del salario m\u00ednimo en Colombia para el 2026"},"content":{"rendered":"<div data-elementor-type=\"wp-post\" data-elementor-id=\"34264\" class=\"elementor elementor-34264\" data-elementor-post-type=\"post\">\n\t\t\t\t<div class=\"elementor-element elementor-element-4fb1ef3 e-flex e-con-boxed e-con e-parent\" data-id=\"4fb1ef3\" data-element_type=\"container\" data-e-type=\"container\">\n\t\t\t\t\t<div class=\"e-con-inner\">\n\t\t\t\t<div class=\"elementor-element elementor-element-e2d721e elementor-widget elementor-widget-text-editor\" data-id=\"e2d721e\" data-element_type=\"widget\" data-e-type=\"widget\" data-widget_type=\"text-editor.default\">\n\t\t\t\t\t\t\t\t\t<div class=\"article-top container_col\"><div id=\"p619554-m392-4-393\" class=\"highlighted\"><div class=\"article-top container_col\"><div class=\"article-top container_col\"><div class=\"article-top container_col\"><div class=\"article-top container_col\"><div class=\"article-top container_col\"><div class=\"article-top container_col\"><div class=\"article-top container_col\"><div class=\"article-top container_col\"><div class=\"article-top container_col\"><div class=\"article-top container_col\"><div class=\"article-top container_col\"><header><div class=\"article-top container_col\"><div class=\"article-top container_col\"><div class=\"article-top container_col\"><div class=\"article-top container_col\"><div class=\"article-top container_col\"><div class=\"article-top container_col\"><div class=\"paragraph\"><div class=\"article-top container_col\"><div class=\"article-top container_col\"><div class=\"article-top container_col\"><div class=\"article-top container_col\"><div class=\"article-top container_col\"><div class=\"article-top container_col\"><div class=\"article-top container_col\"><section class=\"block-mas-noticias\"><div class=\"mas-noticias-header\"><div class=\"article-top container_col\"><div class=\"article-top container_col\"><div id=\"articulocontenido\" class=\"article-content\"><div class=\"article-top container_col\"><div class=\"article-top container_col\"><div class=\"article-top container_col\"><div class=\"article-top container_col\"><div class=\"article-top container_col\"><div id=\"articulocontenido\" class=\"article-content\"><div class=\"article-top container_col\"><div class=\"article-top container_col\"><div class=\"article-top container_col\"><div class=\"article-top container_col\"><div class=\"article-top container_col\"><div class=\"article-top container_col\"><div class=\"article-top container_col\"><div class=\"article-top container_col\"><div class=\"article-top container_col\"><div class=\"article-top container_col\"><div class=\"article-top container_col\"><div id=\"articulocontenido\" class=\"article-content\"><div class=\"article-top container_col\"><div class=\"article-top container_col\"><div class=\"article-top container_col\"><div id=\"p640712-m577-9-578\" class=\"highlighted\"><div class=\"article-top container_col\"><h5 id=\"p642387-m887-1-888\" class=\"epigraph regular_lead1\"><strong>Los aspectos que se considerar\u00e1n durante las negociaciones de fin de a\u00f1o. \u00bfQu\u00e9 ocurrir\u00e1 con la econom\u00eda colombiana en 2026?<\/strong><\/h5><p id=\"p642387-m849-848-850\" class=\"parrafo first-parrafo\">En poco tiempo comenzar\u00e1n las negociaciones entre el Gobierno, empresarios y centrales obreras para determinar el monto que tendr\u00e1 el <a href=\"https:\/\/aclco.co\/en\/el-salario-minimo-en-colombia-para-2026-podria-ser-de\/\">salario m\u00ednimo\u00a0de Colombia<\/a> para el a\u00f1o 2026. Considerando esta situaci\u00f3n, hay tres puntos claves que tendr\u00edan un impacto directo en su discusi\u00f3n.\u00a0\u00bfCu\u00e1les son?<\/p><ol><li class=\"parrafo first-parrafo\"><strong>El monto de la inflaci\u00f3n 2025 y su proyecci\u00f3n para el siguiente a\u00f1o<\/strong><br \/>De acuerdo a informaci\u00f3n publicada por el BBVA, este a\u00f1o se espera que el indicador concluya en 5%. En 2026, los especialistas financieros consideran que puede rozar el 4%, un valor que determinar\u00eda un aumento un poco reducido.<\/li><li class=\"parrafo first-parrafo\"><strong>Productividad laboral<\/strong><br \/>Sin lugar a dudas este es otro aspecto que puede provocar controversia en las futuras charlas. En caso de que sea positiva se solicitar\u00e1 un reconocimiento que no tenga implicaciones negativas en la generaci\u00f3n de nuevos puestos de trabajo.<\/li><li class=\"parrafo first-parrafo\"><strong>Costo de vida en el pa\u00eds<\/strong> <br \/>Los valores de diferentes productos que integran la canasta b\u00e1sica se convierten en otro argumento por el cual las centrales obreras solicitan el incremento a\u00f1adiendo que el nuevo monto pueda compensar la p\u00e9rdida del poder adquisitivo.<\/li><\/ol><div id=\"p642387-m905-3-906\" class=\"highlighted\"><h5 id=\"m910-909-911\" class=\"tiemposBold3\"><strong>\u00bfCu\u00e1l es la proyecci\u00f3n del crecimiento econ\u00f3mico que Colombia tendr\u00e1 en el 2026?<\/strong><\/h5><\/div><p id=\"p642387-m917-4-918\" class=\"parrafo\">Bancolombia en su sitio web remarca que\u00a0las se\u00f1ales son alentadoras para los pr\u00f3ximos meses debido a que se proyecta un crecimiento del 3,0% para el 2026.<\/p><p>Esta situaci\u00f3n se da por los aspectos vinculados con la desinflaci\u00f3n en donde algunos sectores mostraron en los \u00faltimos meses una importante recuperaci\u00f3n.<\/p><p>Lo cierto es que no sucede lo mismo en otros espacios y esto podr\u00eda provocar tensiones y una mayor incertidumbre en un a\u00f1o electoral.<\/p><div id=\"p642387-m949-6-950\" class=\"highlighted\"><h5 id=\"m954-953-955\" class=\"tiemposBold3\"><strong>\u00bfQu\u00e9 ocurrir\u00e1 en el plano regional?<\/strong><\/h5><\/div><p id=\"p642387-m961-7-962\" class=\"parrafo\">La entidad bancaria anteriormente se\u00f1alada sostiene que el impacto en los diferentes pa\u00edses de la regi\u00f3n dependen netamente de la p\u00e9rdida del dinamismo econ\u00f3mico y las determinaciones tomadas por el gobierno que conduce Donald Trump.<\/p><p class=\"parrafo\">Por tal motivo, la baja en la demanda China provocar\u00e1 algunos escenarios de m\u00e1ximo desaf\u00edo en un periodo que aparentemente es prometedor.<\/p><\/div><\/div><\/div><\/div><\/div><\/div><\/div><\/div><p class=\"p1\"><strong>Fuente: <a href=\"https:\/\/www.portafolio.co\/\" target=\"_blank\" rel=\"noopener\">Portafolio<\/a><\/strong><\/p><\/div><\/div><\/div><\/div><\/div><\/div><\/div><\/div><\/div><\/div><\/div><\/div><\/div><\/div><\/div><\/div><\/div><\/div><\/div><\/section><\/div><\/div><\/div><\/div><\/div><\/div><\/div><\/div><\/div><\/div><\/div><\/div><\/div><\/div><\/header><\/div><\/div><\/div><\/div><\/div><\/div><\/div><\/div><\/div><\/div><\/div><\/div><\/div>\t\t\t\t\t\t\t\t<\/div>\n\t\t\t\t\t<\/div>\n\t\t\t\t<\/div>\n\t\t\t\t<\/div>","protected":false},"excerpt":{"rendered":"<p>Los aspectos que se considerar\u00e1n durante las negociaciones de fin de a\u00f1o. \u00bfQu\u00e9 ocurrir\u00e1 con la econom\u00eda colombiana en 2026? En poco tiempo comenzar\u00e1n las negociaciones entre el Gobierno, empresarios y centrales obreras para determinar el monto que tendr\u00e1 el salario m\u00ednimo\u00a0de Colombia para el a\u00f1o 2026. Considerando esta situaci\u00f3n, hay tres puntos claves que [&hellip;]<\/p>","protected":false},"author":5,"featured_media":34265,"comment_status":"open","ping_status":"open","sticky":false,"template":"","format":"standard","meta":{"_joinchat":[],"footnotes":""},"categories":[27,36,29],"tags":[],"class_list":["post-34264","post","type-post","status-publish","format-standard","has-post-thumbnail","hentry","category-noticias-acl","category-contabilidad","category-tributario"],"_links":{"self":[{"href":"https:\/\/aclco.co\/en\/wp-json\/wp\/v2\/posts\/34264","targetHints":{"allow":["GET"]}}],"collection":[{"href":"https:\/\/aclco.co\/en\/wp-json\/wp\/v2\/posts"}],"about":[{"href":"https:\/\/aclco.co\/en\/wp-json\/wp\/v2\/types\/post"}],"author":[{"embeddable":true,"href":"https:\/\/aclco.co\/en\/wp-json\/wp\/v2\/users\/5"}],"replies":[{"embeddable":true,"href":"https:\/\/aclco.co\/en\/wp-json\/wp\/v2\/comments?post=34264"}],"version-history":[{"count":4,"href":"https:\/\/aclco.co\/en\/wp-json\/wp\/v2\/posts\/34264\/revisions"}],"predecessor-version":[{"id":34270,"href":"https:\/\/aclco.co\/en\/wp-json\/wp\/v2\/posts\/34264\/revisions\/34270"}],"wp:featuredmedia":[{"embeddable":true,"href":"https:\/\/aclco.co\/en\/wp-json\/wp\/v2\/media\/34265"}],"wp:attachment":[{"href":"https:\/\/aclco.co\/en\/wp-json\/wp\/v2\/media?parent=34264"}],"wp:term":[{"taxonomy":"category","embeddable":true,"href":"https:\/\/aclco.co\/en\/wp-json\/wp\/v2\/categories?post=34264"},{"taxonomy":"post_tag","embeddable":true,"href":"https:\/\/aclco.co\/en\/wp-json\/wp\/v2\/tags?post=34264"}],"curies":[{"name":"wp","href":"https:\/\/api.w.org\/{rel}","templated":true}]}}