{"id":34322,"date":"2025-11-14T10:21:48","date_gmt":"2025-11-14T15:21:48","guid":{"rendered":"https:\/\/aclco.co\/?p=34322"},"modified":"2025-11-14T10:49:27","modified_gmt":"2025-11-14T15:49:27","slug":"reforma-fiscal-plantea-gravar-con-35-ciertas-actividades","status":"publish","type":"post","link":"https:\/\/aclco.co\/en\/reforma-fiscal-plantea-gravar-con-35-ciertas-actividades\/","title":{"rendered":"Reforma fiscal plantea gravar con 35% ciertas actividades de las iglesias"},"content":{"rendered":"<div data-elementor-type=\"wp-post\" data-elementor-id=\"34322\" class=\"elementor elementor-34322\" data-elementor-post-type=\"post\">\n\t\t\t\t<div class=\"elementor-element elementor-element-4fb1ef3 e-flex e-con-boxed e-con e-parent\" data-id=\"4fb1ef3\" data-element_type=\"container\" data-e-type=\"container\">\n\t\t\t\t\t<div class=\"e-con-inner\">\n\t\t\t\t<div class=\"elementor-element elementor-element-e2d721e elementor-widget elementor-widget-text-editor\" data-id=\"e2d721e\" data-element_type=\"widget\" data-e-type=\"widget\" data-widget_type=\"text-editor.default\">\n\t\t\t\t\t\t\t\t\t<div class=\"article-top container_col\"><div id=\"p619554-m392-4-393\" class=\"highlighted\"><div class=\"article-top container_col\"><div class=\"article-top container_col\"><div class=\"article-top container_col\"><div class=\"article-top container_col\"><div class=\"article-top container_col\"><div class=\"article-top container_col\"><div class=\"article-top container_col\"><div class=\"article-top container_col\"><div class=\"article-top container_col\"><div class=\"article-top container_col\"><div class=\"article-top container_col\"><header><div class=\"article-top container_col\"><div class=\"article-top container_col\"><div class=\"article-top container_col\"><div class=\"article-top container_col\"><div class=\"article-top container_col\"><div class=\"article-top container_col\"><div class=\"paragraph\"><div class=\"article-top container_col\"><div class=\"article-top container_col\"><div class=\"article-top container_col\"><div class=\"article-top container_col\"><div class=\"article-top container_col\"><div class=\"article-top container_col\"><div class=\"article-top container_col\"><section class=\"block-mas-noticias\"><div class=\"mas-noticias-header\"><div class=\"article-top container_col\"><div class=\"article-top container_col\"><div id=\"articulocontenido\" class=\"article-content\"><div class=\"article-top container_col\"><div class=\"article-top container_col\"><div class=\"article-top container_col\"><div class=\"article-top container_col\"><div class=\"article-top container_col\"><div id=\"articulocontenido\" class=\"article-content\"><div class=\"article-top container_col\"><div class=\"article-top container_col\"><div class=\"article-top container_col\"><div class=\"article-top container_col\"><div class=\"article-top container_col\"><div class=\"article-top container_col\"><div class=\"article-top container_col\"><div class=\"article-top container_col\"><div class=\"article-top container_col\"><div class=\"article-top container_col\"><div class=\"article-top container_col\"><div id=\"articulocontenido\" class=\"article-content\"><div class=\"article-top container_col\"><div class=\"article-top container_col\"><div class=\"article-top container_col\"><div id=\"p640712-m577-9-578\" class=\"highlighted\"><div class=\"article-top container_col\"><div class=\"article-top container_col\"><div class=\"lead\"><h5 class=\"c-lead__titulo\"><strong>La idea ya desat\u00f3 pol\u00e9mica en las discusiones del proyecto en las comisiones econ\u00f3micas conjuntas en el Congreso.<\/strong><\/h5><p class=\"c-lead__titulo\">Ya se empezaron a conocer detalles de fondo de la nueva <a href=\"https:\/\/aclco.co\/en\/el-modelo-fiscal-ya-no-soportaria-una-nueva-reforma\/\">reforma tributaria<\/a> del gobierno de Gustavo Petro y uno de los puntos m\u00e1s importantes es el impuesto que se quiere poner a las iglesias en el pa\u00eds.<\/p><p class=\"c-lead__titulo\">Este jueves 13 de noviembre, algunos miembros de las comisiones econ\u00f3micas conjuntas del Congreso de la Rep\u00fablica se reunieron con representantes del Gobierno Nacional en Casas de Santa B\u00e1rbara, la sede del Ministerio de Hacienda. Seg\u00fan se conoci\u00f3, asistieron 12 congresistas y tres de ellos eran senadores.<\/p><p class=\"c-lead__titulo\">El ministro de Hacienda y Cr\u00e9dito P\u00fablico, Germ\u00e1n \u00c1vila Plazas, y el director (e) de la Direcci\u00f3n de Impuestos y Aduanas Nacionales (Dian), Carlos Betancourt, fueron los encargados de presentarles a los parlamentarios los alcances del proyecto, con el que se busca respaldar el Presupuesto General de la Naci\u00f3n (PGN) del 2026.<\/p><p class=\"c-lead__titulo\">Sobre el impuesto a las iglesias, no se han definido de manera clara las actividades que ser\u00edan gravadas, pero el objetivo ser\u00eda poner un impuesto de renta del 35% para las actividades no evangelizadoras que realicen.<\/p><p class=\"c-lead__titulo\">El gravamen se aplicar\u00eda de forma gradual: empezar\u00eda en 26% en el 2026 e ir\u00eda subiendo a\u00f1o a a\u00f1o hasta alcanzar el 35%.<\/p><p class=\"c-lead__titulo\">Trascendi\u00f3 que el impuesto ya genera discusi\u00f3n y pol\u00e9mica, pues varios de los congresistas presentes mostraron su oposici\u00f3n al mismo.<\/p><p class=\"c-lead__titulo\">Desde el Gobierno, se inform\u00f3 que las conversaciones avanzaron hacia un acuerdo fiscal responsable, \u00abcon finanzas sanas que impulsen el crecimiento y la inversi\u00f3n social\u00bb y que el objetivo es buscar f\u00f3rmulas para ajustar la ley de financiamiento.<\/p><p class=\"c-lead__titulo\">\u00abEl proyecto busca reducir el gasto tributario, mejorar la progresividad del sistema fiscal y gravar actividades que afectan la salud p\u00fablica y el medio ambiente, mientras incorpora incentivos para impulsar la transici\u00f3n energ\u00e9tica\u00bb, agregaron desde el Minhacienda.<\/p><h5 class=\"c-lead__titulo\"><strong>Otros impuestos que se aplicar\u00edan con la reforma<\/strong><\/h5><p>El proyecto\u00a0 del gobierno Petro, que buscar\u00e1 recaudar 16 billones de pesos, tambi\u00e9n\u00a0propone seguir aumentando el IVA para los veh\u00edculos h\u00edbridos. Tambi\u00e9n quita la modificaci\u00f3n del IVA para la cerveza y la gasolina.<\/p><p>\u00abSe destaca la reducci\u00f3n en el monto total de la ley de financiamiento, acordada con el Congreso durante el tr\u00e1mite del Presupuesto 2026. Este ajuste contempla no modificar el IVA aplicable a los combustibles y realizar ajustes en la carga impositiva de productos como la cerveza, entre otros\u00bb, agreg\u00f3 el Minhacienda.<\/p><p>En el caso de los licores, el impoconsumo subir\u00eda el 30%, menos cerveza que subir\u00eda al 15%.<\/p><p>Frente al tema de la modificaci\u00f3n de impuestos a los licores, los congresistas que asistieron a la reuni\u00f3n dijeron que esto puede afectar las rentas locales.<\/p><h5><strong>Qu\u00e9 sigue en la discusi\u00f3n de la reforma tributaria<\/strong><\/h5><p>El pr\u00f3ximo martes 18 de noviembre, se finiquitar\u00edan los detalles del proyecto de reforma tributaria y quedar\u00eda lista la ponencia oficial.\u00a0El mi\u00e9rcoles 19, ser\u00eda el primer debate de las comisiones econ\u00f3micas conjuntas del Congreso.\u00a0Si recibe el &#8216;visto bueno&#8217;, el jueves 20, habr\u00eda reuni\u00f3n con el Gobierno y la semana del 24 de noviembre la iniciativa pasar\u00eda a los debates en las plenarias del Legislativo.<\/p><\/div><div><strong>Fuente: <a href=\"https:\/\/www.portafolio.co\/\" target=\"_blank\" rel=\"noopener\">Portafolio<\/a><\/strong><\/div><\/div><\/div><\/div><\/div><\/div><\/div><\/div><\/div><\/div><\/div><\/div><\/div><\/div><\/div><\/div><\/div><\/div><\/div><\/div><\/div><\/div><\/div><\/div><\/div><\/div><\/div><\/div><\/div><\/section><\/div><\/div><\/div><\/div><\/div><\/div><\/div><\/div><\/div><\/div><\/div><\/div><\/div><\/div><\/header><\/div><\/div><\/div><\/div><\/div><\/div><\/div><\/div><\/div><\/div><\/div><\/div><\/div>\t\t\t\t\t\t\t\t<\/div>\n\t\t\t\t\t<\/div>\n\t\t\t\t<\/div>\n\t\t\t\t<\/div>","protected":false},"excerpt":{"rendered":"<p>La idea ya desat\u00f3 pol\u00e9mica en las discusiones del proyecto en las comisiones econ\u00f3micas conjuntas en el Congreso. Ya se empezaron a conocer detalles de fondo de la nueva reforma tributaria del gobierno de Gustavo Petro y uno de los puntos m\u00e1s importantes es el impuesto que se quiere poner a las iglesias en el [&hellip;]<\/p>","protected":false},"author":5,"featured_media":34325,"comment_status":"open","ping_status":"open","sticky":false,"template":"","format":"standard","meta":{"_joinchat":[],"footnotes":""},"categories":[27,36,29],"tags":[],"class_list":["post-34322","post","type-post","status-publish","format-standard","has-post-thumbnail","hentry","category-noticias-acl","category-contabilidad","category-tributario"],"_links":{"self":[{"href":"https:\/\/aclco.co\/en\/wp-json\/wp\/v2\/posts\/34322","targetHints":{"allow":["GET"]}}],"collection":[{"href":"https:\/\/aclco.co\/en\/wp-json\/wp\/v2\/posts"}],"about":[{"href":"https:\/\/aclco.co\/en\/wp-json\/wp\/v2\/types\/post"}],"author":[{"embeddable":true,"href":"https:\/\/aclco.co\/en\/wp-json\/wp\/v2\/users\/5"}],"replies":[{"embeddable":true,"href":"https:\/\/aclco.co\/en\/wp-json\/wp\/v2\/comments?post=34322"}],"version-history":[{"count":4,"href":"https:\/\/aclco.co\/en\/wp-json\/wp\/v2\/posts\/34322\/revisions"}],"predecessor-version":[{"id":34330,"href":"https:\/\/aclco.co\/en\/wp-json\/wp\/v2\/posts\/34322\/revisions\/34330"}],"wp:featuredmedia":[{"embeddable":true,"href":"https:\/\/aclco.co\/en\/wp-json\/wp\/v2\/media\/34325"}],"wp:attachment":[{"href":"https:\/\/aclco.co\/en\/wp-json\/wp\/v2\/media?parent=34322"}],"wp:term":[{"taxonomy":"category","embeddable":true,"href":"https:\/\/aclco.co\/en\/wp-json\/wp\/v2\/categories?post=34322"},{"taxonomy":"post_tag","embeddable":true,"href":"https:\/\/aclco.co\/en\/wp-json\/wp\/v2\/tags?post=34322"}],"curies":[{"name":"wp","href":"https:\/\/api.w.org\/{rel}","templated":true}]}}