{"id":34341,"date":"2025-11-25T17:26:19","date_gmt":"2025-11-25T22:26:19","guid":{"rendered":"https:\/\/aclco.co\/?p=34341"},"modified":"2025-11-25T17:30:02","modified_gmt":"2025-11-25T22:30:02","slug":"reforma-tributaria-sin-apoyo-en-comisiones-terceras-y-cuartas","status":"publish","type":"post","link":"https:\/\/aclco.co\/en\/reforma-tributaria-sin-apoyo-en-comisiones-terceras-y-cuartas\/","title":{"rendered":"Reforma tributaria sin apoyo en comisiones terceras y cuartas"},"content":{"rendered":"<div data-elementor-type=\"wp-post\" data-elementor-id=\"34341\" class=\"elementor elementor-34341\" data-elementor-post-type=\"post\">\n\t\t\t\t<div class=\"elementor-element elementor-element-4fb1ef3 e-flex e-con-boxed e-con e-parent\" data-id=\"4fb1ef3\" data-element_type=\"container\" data-e-type=\"container\">\n\t\t\t\t\t<div class=\"e-con-inner\">\n\t\t\t\t<div class=\"elementor-element elementor-element-e2d721e elementor-widget elementor-widget-text-editor\" data-id=\"e2d721e\" data-element_type=\"widget\" data-e-type=\"widget\" data-widget_type=\"text-editor.default\">\n\t\t\t\t\t\t\t\t\t<div class=\"article-top container_col\"><div id=\"p619554-m392-4-393\" class=\"highlighted\"><div class=\"article-top container_col\"><div class=\"article-top container_col\"><div class=\"article-top container_col\"><div class=\"article-top container_col\"><div class=\"article-top container_col\"><div class=\"article-top container_col\"><div class=\"article-top container_col\"><div class=\"article-top container_col\"><div class=\"article-top container_col\"><div class=\"article-top container_col\"><div class=\"article-top container_col\"><header><div class=\"article-top container_col\"><div class=\"article-top container_col\"><div class=\"article-top container_col\"><div class=\"article-top container_col\"><div class=\"article-top container_col\"><div class=\"article-top container_col\"><div class=\"paragraph\"><div class=\"article-top container_col\"><div class=\"article-top container_col\"><div class=\"article-top container_col\"><div class=\"article-top container_col\"><div class=\"article-top container_col\"><div class=\"article-top container_col\"><div class=\"article-top container_col\"><section class=\"block-mas-noticias\"><div class=\"mas-noticias-header\"><div class=\"article-top container_col\"><div class=\"article-top container_col\"><div id=\"articulocontenido\" class=\"article-content\"><div class=\"article-top container_col\"><div class=\"article-top container_col\"><div class=\"article-top container_col\"><div class=\"article-top container_col\"><div class=\"article-top container_col\"><div id=\"articulocontenido\" class=\"article-content\"><div class=\"article-top container_col\"><div class=\"article-top container_col\"><div class=\"article-top container_col\"><div class=\"article-top container_col\"><div class=\"article-top container_col\"><div class=\"article-top container_col\"><div class=\"article-top container_col\"><div class=\"article-top container_col\"><div class=\"article-top container_col\"><div class=\"article-top container_col\"><div class=\"article-top container_col\"><div id=\"articulocontenido\" class=\"article-content\"><div class=\"article-top container_col\"><div class=\"article-top container_col\"><div class=\"article-top container_col\"><div id=\"p640712-m577-9-578\" class=\"highlighted\"><div class=\"article-top container_col\"><div class=\"article-top container_col\"><div class=\"lead\"><h5><strong>Aproximadamente 12 senadores radicar\u00edan una ponencia de archivo de esta Ley de Financiamiento lo que har\u00eda que se hundiera.<\/strong><\/h5><p>La <a href=\"https:\/\/aclco.co\/en\/impuestos-que-se-mantendran-en-la-reforma-tributaria\/\">reforma tributaria<\/a> del gobierno de Gustavo Petro no ha comenzado a discutirse, pero todo apunta a que estar\u00eda virtualmente hundida.\u00a0Y es que en v\u00edsperas que el Ministerio de Hacienda la presenta, 10 senadores radicaron una ponencia de archivo de esta Ley de Financiamiento, de esta manera el proyecto se hundir\u00eda debido a que no completar\u00eda las mayor\u00edas necesarias para seguir su curso.<\/p><p>De acuerdo con La FM, la ponencia de archivo de la tributaria estar\u00eda firmada por los senadores\u00a0Efra\u00edn Cepeda y Liliana Bitar (Partido Conservador), Jos\u00e9 Alfredo Gnecco y Juan Carlos Garc\u00e9s (Partido de la U), Antonio Zabara\u00edn y Julio Gonz\u00e1lez Villa (Cambio Radical), Juan Pablo Gallo, Karina Espinosa y Mauricio G\u00f3mez Am\u00edn (Partido Liberal), Jairo Castellanos, presidente de la Comisi\u00f3n Tercera y Ciro Ram\u00edrez y Mar\u00eda Ang\u00e9lica Guerra (Centro Democr\u00e1tico).<\/p><p>Por su parte, el presidente de la Comisi\u00f3n Cuarta del Senado, Enrique Cabrales, se\u00f1al\u00f3 que \u201cdesde el Senado defendemos el bolsillo de los colombianos y decimos no a la Ley de Financiamiento\u201d.\u00a0Agreg\u00f3 que el recaudo que busca el Gobierno con la reforma ser\u00eda \u201cmeti\u00e9ndole la mano al bolsillo a todos los colombianos. Esta no es una reforma estructural, es una reforma de recaudo desesperado, suben el IVA a la gasolina, una medida que golpea directamente la canasta familiar\u201d.<\/p><p>De igual manera, se espera que el pr\u00f3ximo martes 25 de noviembre el ministro de Hacienda, Germ\u00e1n \u00c1vila, presente ante las Comisiones Tercera y Cuartas de Senado y C\u00e1mara los detalles de la reforma.<\/p><\/div><div><strong>Fuente: <a href=\"https:\/\/www.larepublica.co\/\" target=\"_blank\" rel=\"noopener\">La Rep\u00fablica<\/a><\/strong><\/div><\/div><\/div><\/div><\/div><\/div><\/div><\/div><\/div><\/div><\/div><\/div><\/div><\/div><\/div><\/div><\/div><\/div><\/div><\/div><\/div><\/div><\/div><\/div><\/div><\/div><\/div><\/div><\/div><\/section><\/div><\/div><\/div><\/div><\/div><\/div><\/div><\/div><\/div><\/div><\/div><\/div><\/div><\/div><\/header><\/div><\/div><\/div><\/div><\/div><\/div><\/div><\/div><\/div><\/div><\/div><\/div><\/div>\t\t\t\t\t\t\t\t<\/div>\n\t\t\t\t\t<\/div>\n\t\t\t\t<\/div>\n\t\t\t\t<\/div>","protected":false},"excerpt":{"rendered":"<p>Aproximadamente 12 senadores radicar\u00edan una ponencia de archivo de esta Ley de Financiamiento lo que har\u00eda que se hundiera. La reforma tributaria del gobierno de Gustavo Petro no ha comenzado a discutirse, pero todo apunta a que estar\u00eda virtualmente hundida.\u00a0Y es que en v\u00edsperas que el Ministerio de Hacienda la presenta, 10 senadores radicaron una [&hellip;]<\/p>","protected":false},"author":5,"featured_media":34342,"comment_status":"open","ping_status":"open","sticky":false,"template":"","format":"standard","meta":{"_joinchat":[],"footnotes":""},"categories":[27,36,29],"tags":[],"class_list":["post-34341","post","type-post","status-publish","format-standard","has-post-thumbnail","hentry","category-noticias-acl","category-contabilidad","category-tributario"],"_links":{"self":[{"href":"https:\/\/aclco.co\/en\/wp-json\/wp\/v2\/posts\/34341","targetHints":{"allow":["GET"]}}],"collection":[{"href":"https:\/\/aclco.co\/en\/wp-json\/wp\/v2\/posts"}],"about":[{"href":"https:\/\/aclco.co\/en\/wp-json\/wp\/v2\/types\/post"}],"author":[{"embeddable":true,"href":"https:\/\/aclco.co\/en\/wp-json\/wp\/v2\/users\/5"}],"replies":[{"embeddable":true,"href":"https:\/\/aclco.co\/en\/wp-json\/wp\/v2\/comments?post=34341"}],"version-history":[{"count":4,"href":"https:\/\/aclco.co\/en\/wp-json\/wp\/v2\/posts\/34341\/revisions"}],"predecessor-version":[{"id":34346,"href":"https:\/\/aclco.co\/en\/wp-json\/wp\/v2\/posts\/34341\/revisions\/34346"}],"wp:featuredmedia":[{"embeddable":true,"href":"https:\/\/aclco.co\/en\/wp-json\/wp\/v2\/media\/34342"}],"wp:attachment":[{"href":"https:\/\/aclco.co\/en\/wp-json\/wp\/v2\/media?parent=34341"}],"wp:term":[{"taxonomy":"category","embeddable":true,"href":"https:\/\/aclco.co\/en\/wp-json\/wp\/v2\/categories?post=34341"},{"taxonomy":"post_tag","embeddable":true,"href":"https:\/\/aclco.co\/en\/wp-json\/wp\/v2\/tags?post=34341"}],"curies":[{"name":"wp","href":"https:\/\/api.w.org\/{rel}","templated":true}]}}