{"id":34392,"date":"2025-12-19T09:40:28","date_gmt":"2025-12-19T14:40:28","guid":{"rendered":"https:\/\/aclco.co\/?p=34392"},"modified":"2025-12-19T09:46:19","modified_gmt":"2025-12-19T14:46:19","slug":"gobierno-advierte-que-deuda-fiscal-del-pais-es-alta-y","status":"publish","type":"post","link":"https:\/\/aclco.co\/en\/gobierno-advierte-que-deuda-fiscal-del-pais-es-alta-y\/","title":{"rendered":"Gobierno advierte que deuda fiscal del pa\u00eds es alta y se solucionar\u00eda con una tributaria"},"content":{"rendered":"<div data-elementor-type=\"wp-post\" data-elementor-id=\"34392\" class=\"elementor elementor-34392\" data-elementor-post-type=\"post\">\n\t\t\t\t<div class=\"elementor-element elementor-element-4fb1ef3 e-flex e-con-boxed e-con e-parent\" data-id=\"4fb1ef3\" data-element_type=\"container\" data-e-type=\"container\">\n\t\t\t\t\t<div class=\"e-con-inner\">\n\t\t\t\t<div class=\"elementor-element elementor-element-e2d721e elementor-widget elementor-widget-text-editor\" data-id=\"e2d721e\" data-element_type=\"widget\" data-e-type=\"widget\" data-widget_type=\"text-editor.default\">\n\t\t\t\t\t\t\t\t\t<div class=\"article-top container_col\"><div id=\"p619554-m392-4-393\" class=\"highlighted\"><div class=\"article-top container_col\"><div class=\"article-top container_col\"><div class=\"article-top container_col\"><div class=\"article-top container_col\"><div class=\"article-top container_col\"><div class=\"article-top container_col\"><div class=\"article-top container_col\"><div class=\"article-top container_col\"><div class=\"article-top container_col\"><div class=\"article-top container_col\"><div class=\"article-top container_col\"><header><div class=\"article-top container_col\"><div class=\"article-top container_col\"><div class=\"article-top container_col\"><div class=\"article-top container_col\"><div class=\"article-top container_col\"><div class=\"article-top container_col\"><div class=\"paragraph\"><div class=\"article-top container_col\"><div class=\"article-top container_col\"><div class=\"article-top container_col\"><div class=\"article-top container_col\"><div class=\"article-top container_col\"><div class=\"article-top container_col\"><div class=\"article-top container_col\"><section class=\"block-mas-noticias\"><div class=\"mas-noticias-header\"><div class=\"article-top container_col\"><div class=\"article-top container_col\"><div id=\"articulocontenido\" class=\"article-content\"><div class=\"article-top container_col\"><div class=\"article-top container_col\"><div class=\"article-top container_col\"><div class=\"article-top container_col\"><div class=\"article-top container_col\"><div id=\"articulocontenido\" class=\"article-content\"><div class=\"article-top container_col\"><div class=\"article-top container_col\"><div class=\"article-top container_col\"><div class=\"article-top container_col\"><div class=\"article-top container_col\"><div class=\"article-top container_col\"><div class=\"article-top container_col\"><div class=\"article-top container_col\"><div class=\"article-top container_col\"><div class=\"article-top container_col\"><div class=\"article-top container_col\"><div id=\"articulocontenido\" class=\"article-content\"><div class=\"article-top container_col\"><div class=\"article-top container_col\"><div class=\"article-top container_col\"><div id=\"p640712-m577-9-578\" class=\"highlighted\"><div class=\"article-top container_col\"><div class=\"article-top container_col\"><div class=\"lead\"><h5><strong>El Gobierno ajust\u00f3 sus perspectivas fiscales para el cierre de a\u00f1o y coincidieron con las del Carf, que el d\u00e9ficit fiscal cerrar\u00eda en 6,2% del PIB.<\/strong><\/h5><p>En medio de los aprietos fiscales que enfrenta el pa\u00eds, el Gobierno\u00a0insiste que la mejor forma para proteger las finanzas y garantizarlos recursos es mediante una <a href=\"https:\/\/aclco.co\/en\/reforma-tributaria-sin-apoyo-en-comisiones-terceras-y-cuartas\/\">reforma tributaria<\/a>.<\/p><p>Aunque tanto a finales de 2024 como a finales de este a\u00f1o el Congreso ha hundido dos leyes de financiamiento propuestas por el Gobierno de Gustavo Petro,\u00a0el jefe de Estado insiste que este es el mecanismo m\u00e1s adecuado para saldar la deuda fiscal, que calific\u00f3 de \u201calta y peligrosa\u201d.<\/p><p>Mediante su cuenta en X, Petro insisti\u00f3 que esta reforma con la que pretenden recaudar m\u00e1s dinero\u00a0a trav\u00e9s de nuevos impuestos devolver\u00eda al pa\u00eds el super\u00e1vit fiscal que se perdi\u00f3 hace una d\u00e9cada.<\/p><p>Pese al d\u00e9ficit fiscal que a traviesa el pa\u00eds, que seg\u00fan estimaciones del Gobierno cerrar\u00eda el a\u00f1o en 6,2% el PIB, el mandatario asegur\u00f3 que la deuda neta de Colombia est\u00e1 dentro del marco fiscal, tambi\u00e9n asegur\u00f3 que el recaudo tributario reacciona positivamente.\u00a0\u201cLa econom\u00eda crece bien y productivamente, incrementando puestos de trabajo. La variable m\u00e1s importante en una econom\u00eda son los puestos de trabajo, porque del trabajo nace exclusivamente la riqueza\u201d.<\/p><div class=\"news economiaSect\"><div class=\"html-content\"><h5><strong>Las proyecciones para cierre de a\u00f1o<\/strong><\/h5><p>Justamente en la tarde del martes, el Ministerio de Hacienda ofreci\u00f3 detalles de c\u00f3mo cerrar\u00eda el pa\u00eds en materia fiscal.\u00a0En un nuevo comunicado mejor\u00f3 la proyecci\u00f3n del d\u00e9ficit fiscal y estim\u00f3 que este cerrar\u00e1 en 6,2% del PIB.<\/p><p>Esta proyecci\u00f3n del Gobierno, coincide con la proyecci\u00f3n dada a finales de noviembre por el Comit\u00e9 Aut\u00f3nomo de la Regla Fiscal, Carf.<\/p><p>Adem\u00e1s, asegur\u00f3 que la deuda neta\u00a0se ubicar\u00eda cerca del ancla fiscal, en 57,3% del PIB, 4,1 puntos porcentuales menos de lo inicialmente estimado.<\/p><p>El Ministerio de Hacienda asegur\u00f3 que la estrategia de gesti\u00f3n\u00a0de la deuda p\u00fablica redujo el saldo nominal de la deuda en cerca de $30 billones.<\/p><p>\u00abEl gasto por intereses del Gobierno Nacional Central se redujo en 1,3 puntos porcentuales del PIB frente a 2024, lo que contribuy\u00f3 a una disminuci\u00f3n del d\u00e9ficit total tanto frente a lo proyectado en el Mfmp como respecto a lo observado en la vigencia anterior.\u00a0Esta reducci\u00f3n obedece a la ca\u00edda en el saldo nominal de la deuda p\u00fablica, derivada de las operaciones de manejo de deuda realizadas durante el segundo semestre del a\u00f1o\u00bb, dijo.<\/p><\/div><\/div><\/div><div><strong>Fuente: <a href=\"https:\/\/www.larepublica.co\/\" target=\"_blank\" rel=\"noopener\">La Rep\u00fablica<\/a><\/strong><\/div><\/div><\/div><\/div><\/div><\/div><\/div><\/div><\/div><\/div><\/div><\/div><\/div><\/div><\/div><\/div><\/div><\/div><\/div><\/div><\/div><\/div><\/div><\/div><\/div><\/div><\/div><\/div><\/div><\/section><\/div><\/div><\/div><\/div><\/div><\/div><\/div><\/div><\/div><\/div><\/div><\/div><\/div><\/div><\/header><\/div><\/div><\/div><\/div><\/div><\/div><\/div><\/div><\/div><\/div><\/div><\/div><\/div>\t\t\t\t\t\t\t\t<\/div>\n\t\t\t\t\t<\/div>\n\t\t\t\t<\/div>\n\t\t\t\t<\/div>","protected":false},"excerpt":{"rendered":"<p>El Gobierno ajust\u00f3 sus perspectivas fiscales para el cierre de a\u00f1o y coincidieron con las del Carf, que el d\u00e9ficit fiscal cerrar\u00eda en 6,2% del PIB. En medio de los aprietos fiscales que enfrenta el pa\u00eds, el Gobierno\u00a0insiste que la mejor forma para proteger las finanzas y garantizarlos recursos es mediante una reforma tributaria. Aunque [&hellip;]<\/p>","protected":false},"author":5,"featured_media":34393,"comment_status":"open","ping_status":"open","sticky":false,"template":"","format":"standard","meta":{"_joinchat":[],"footnotes":""},"categories":[27,36,45],"tags":[],"class_list":["post-34392","post","type-post","status-publish","format-standard","has-post-thumbnail","hentry","category-noticias-acl","category-contabilidad","category-reformas"],"_links":{"self":[{"href":"https:\/\/aclco.co\/en\/wp-json\/wp\/v2\/posts\/34392","targetHints":{"allow":["GET"]}}],"collection":[{"href":"https:\/\/aclco.co\/en\/wp-json\/wp\/v2\/posts"}],"about":[{"href":"https:\/\/aclco.co\/en\/wp-json\/wp\/v2\/types\/post"}],"author":[{"embeddable":true,"href":"https:\/\/aclco.co\/en\/wp-json\/wp\/v2\/users\/5"}],"replies":[{"embeddable":true,"href":"https:\/\/aclco.co\/en\/wp-json\/wp\/v2\/comments?post=34392"}],"version-history":[{"count":4,"href":"https:\/\/aclco.co\/en\/wp-json\/wp\/v2\/posts\/34392\/revisions"}],"predecessor-version":[{"id":34397,"href":"https:\/\/aclco.co\/en\/wp-json\/wp\/v2\/posts\/34392\/revisions\/34397"}],"wp:featuredmedia":[{"embeddable":true,"href":"https:\/\/aclco.co\/en\/wp-json\/wp\/v2\/media\/34393"}],"wp:attachment":[{"href":"https:\/\/aclco.co\/en\/wp-json\/wp\/v2\/media?parent=34392"}],"wp:term":[{"taxonomy":"category","embeddable":true,"href":"https:\/\/aclco.co\/en\/wp-json\/wp\/v2\/categories?post=34392"},{"taxonomy":"post_tag","embeddable":true,"href":"https:\/\/aclco.co\/en\/wp-json\/wp\/v2\/tags?post=34392"}],"curies":[{"name":"wp","href":"https:\/\/api.w.org\/{rel}","templated":true}]}}